{"id":263122,"date":"2026-08-28T13:35:18","date_gmt":"2026-08-28T13:35:18","guid":{"rendered":"https:\/\/www.europesays.com\/ee\/263122\/"},"modified":"2026-08-28T13:35:18","modified_gmt":"2026-08-28T13:35:18","slug":"riigikogu-korruptsioonivastane-erikomisjon-koguneb-seoses-riigikontrolli-avaldusega-erakorralisele-istungile","status":"publish","type":"post","link":"https:\/\/www.europesays.com\/ee\/263122\/","title":{"rendered":"Riigikogu korruptsioonivastane erikomisjon koguneb seoses riigikontrolli avaldusega erakorralisele istungile"},"content":{"rendered":"<p>\u201eSee, mille riigikontroll t\u00e4na avalikustas, n\u00e4itab mastaapset korralagedust ja korruptsiooniohtu kaitsevaldkonnas, kuhu Eesti maksumaksja panustab miljardeid eurosid,\u201c p\u00f5hjendas Kovalenko-K\u00f5lvart otsust. Tema s\u00f5nul on kaitsekulude suurendamise nimel t\u00f5stnud valitsus makse ning n\u00f5udnud inimeste suuremat panust, kuid n\u00fc\u00fcd selgub, et polegi teada, kuhu raha tegelikult l\u00e4heb ning mis juba olemas on.<\/p>\n<p>\u201eLisaks alles kaks p\u00e4eva tagasi saime teada, et Eesti kaitset\u00f6\u00f6stusettev\u00f5te Wolfram Europa plaanib investeerida L\u00e4tti kuni 200 miljonit eurot uue tootmiskompleksi rajamkseks. Seejuures ettev\u00f5tte tegevjuht on endine RKIKi peadirektor ning ettev\u00f5ttega on seotud ka teisi endisi RKIKi juhte,\u201c kirjutas Kovalenko-K\u00f5lvart \u00fchismeedias.<\/p>\n<p>\u201eSelline korralagedus on ka julgeolekuoht meie riigile. Erikomisjon peab v\u00e4lja selgitama, kes selle eest vastutab ning miks j\u00e4id riigikontrolli korduvad hoiatused ja t\u00e4helepanekud sisulise reaktsioonita,\u201c lisas ta.<\/p>\n<p>Riigikontroll: segadus kaitseministeeriumi vastutusalas j\u00e4tkub<\/p>\n<p>Riigikontroll avaldas t\u00e4na, et tuvastas riigi majandusaasta koondaruande auditis j\u00e4lle kaitseministeeriumi valitsemisala asutuste tegevuses hulgaliselt t\u00f5siseid probleeme, mis suurendavad riigi raha ja vara kuritarvitamise riski.<\/p>\n<p>\u201eJ\u00e4tkuvad puudused lepingute halduses, lepingute ja nende t\u00e4itmise j\u00e4lgimises, saadud kauba vastavuse ja kohalej\u00f5udmise kontrollimises ning arvelev\u00f5tmises ootavad kasvava kaitse-eelarve taustal viivitamatut lahendamist,\u201c teatas riigikontroll.<\/p>\n<p>\u201eKuigi aastaid on antud lubadusi, ei ole suudetud parandada s\u00fcsteemseid probleeme kaitsev\u00e4e varade halduses. Kuhjunud probleemid v\u00f5imenduvad j\u00e4rjest enam ning h\u00f5lmavad \u00fcha suuremaid summasid. Lisaks on kaitseinvesteeringute keskus (RKIK) v\u00f5tnud varustuse ja varude toetuse vahendamise lepingutega Eesti riigieelarvele rahalisi riske ja kohustusi, kuigi kaitseministeerium on riigikogule esitatud eelarvematerjalides vastupidist v\u00e4itnud. Lepingud, kust see n\u00fc\u00fcd selgus, j\u00e4ttis RKIK riigikontrolli eest eelmisel aastal varjatuks.\u201c<\/p>\n<p>\u201e\u00dchiskond pingutab, et rahastada \u00fcha kasvavas mahus riigi kaitsev\u00f5ime suurendamist, kuid audit n\u00e4itab, et kaitseministeerium, kaitsev\u00e4gi ja riigi kaitseinvesteeringute keskus ei ole vastu pakkunud piisavat pingutust selleks, et lahendada riigi eelmise majandusaasta koondaruandes v\u00e4lja toodud t\u00f5siseid probleeme rahakasutuses ning varade ja varude arvestuses,\u201c \u00fctles riigikontrol\u00f6r Janar Holm.<\/p>\n<p>Riigikontrolli auditi avalikustamise j\u00e4rel saatis kaitseministeerium l\u00fchikese pressiteate. Seal lausus Kaimo Kuusk, et riigikontrolli m\u00e4rkused on asjakohased ja t\u00e4psustavad varasemates auditites v\u00e4lja toodud puudusi. \u201eOleme nende k\u00f5rvaldamiseks samme astunud, kuid tunnistame, et tehtu ei ole olnud veel piisav v\u00f5i v\u00f5tab kitsaskohtade lahendamine oodatust rohkem aega,\u201c lausus ta.<\/p>\n<p><a href=\"http:\/\/www.delfi.ee\/artikkel\/120606702\/riigikontroll-jatkuv-segadus-kaitseministeeriumi-vastutusalas-kasvatab-riigi-vara-kuritarvitamise-riski#dalrel-in-article\" class=\"content-embedded-articles-single__embedded-article\" data-v-6f4d311d=\"\" rel=\"nofollow noopener\" target=\"_blank\"><\/p>\n<p>28.08.2026<\/p>\n<p>Riigikontroll: j\u00e4tkuv segadus kaitseministeeriumi vastutusalas kasvatab riigi vara kuritarvitamise riski(230)<\/p>\n<p><\/a>Kuidas see lugu Sind end tundma pani?Saada<a href=\"https:\/\/www.delfi.ee\/artikkel\/120606760\/riigikogu-korruptsioonivastane-erikomisjon-koguneb-seoses-riigikontrolli-avaldusega-erakorralisele-istungile\/kommentaarid\" class=\"button button--primary button--size-auto article-body-bottom__comment article-body-bottom__comment--write\" style=\"\" rel=\"nofollow noopener\" target=\"_blank\">Kommenteeri<\/a><a href=\"https:\/\/www.delfi.ee\/artikkel\/120606760\/riigikogu-korruptsioonivastane-erikomisjon-koguneb-seoses-riigikontrolli-avaldusega-erakorralisele-istungile\/kommentaarid\" class=\"button button--size-auto article-body-bottom__comment article-body-bottom__comment--read\" style=\"\" rel=\"nofollow noopener\" target=\"_blank\">Loe kommentaare (74)<\/a><\/p>\n","protected":false},"excerpt":{"rendered":"\u201eSee, mille riigikontroll t\u00e4na avalikustas, n\u00e4itab mastaapset korralagedust ja korruptsiooniohtu kaitsevaldkonnas, kuhu Eesti maksumaksja panustab miljardeid eurosid,\u201c p\u00f5hjendas&hellip;\n","protected":false},"author":2,"featured_media":263123,"comment_status":"","ping_status":"","sticky":false,"template":"","format":"standard","meta":{"footnotes":"","_share_on_mastodon":"0"},"categories":[5],"tags":[2363,26,27,37,33,35,34,36,31,32,21,2364,28,29,19,25,8012,23,24,22,20,30],"class_list":["post-263122","post","type-post","status-publish","format-standard","has-post-thumbnail","category-uldised-uudised","tag-anastassia-kovalenko-kolvart","tag-breaking-news","tag-breakingnews","tag-ee","tag-eesti","tag-eesti-keel","tag-estonia","tag-estonian","tag-featured-news","tag-featurednews","tag-headlines","tag-korruptsioonivastane-erikomisjon","tag-latest-news","tag-latestnews","tag-news","tag-populaarseimad-lood","tag-riigikontroll","tag-top-stories","tag-topstories","tag-uldised-uudised","tag-uudised","tag-viimased-uudised"],"share_on_mastodon":{"url":"https:\/\/pubeurope.com\/@ee\/117173402061657824","error":""},"_links":{"self":[{"href":"https:\/\/www.europesays.com\/ee\/wp-json\/wp\/v2\/posts\/263122","targetHints":{"allow":["GET"]}}],"collection":[{"href":"https:\/\/www.europesays.com\/ee\/wp-json\/wp\/v2\/posts"}],"about":[{"href":"https:\/\/www.europesays.com\/ee\/wp-json\/wp\/v2\/types\/post"}],"author":[{"embeddable":true,"href":"https:\/\/www.europesays.com\/ee\/wp-json\/wp\/v2\/users\/2"}],"replies":[{"embeddable":true,"href":"https:\/\/www.europesays.com\/ee\/wp-json\/wp\/v2\/comments?post=263122"}],"version-history":[{"count":0,"href":"https:\/\/www.europesays.com\/ee\/wp-json\/wp\/v2\/posts\/263122\/revisions"}],"wp:featuredmedia":[{"embeddable":true,"href":"https:\/\/www.europesays.com\/ee\/wp-json\/wp\/v2\/media\/263123"}],"wp:attachment":[{"href":"https:\/\/www.europesays.com\/ee\/wp-json\/wp\/v2\/media?parent=263122"}],"wp:term":[{"taxonomy":"category","embeddable":true,"href":"https:\/\/www.europesays.com\/ee\/wp-json\/wp\/v2\/categories?post=263122"},{"taxonomy":"post_tag","embeddable":true,"href":"https:\/\/www.europesays.com\/ee\/wp-json\/wp\/v2\/tags?post=263122"}],"curies":[{"name":"wp","href":"https:\/\/api.w.org\/{rel}","templated":true}]}}