{"id":263160,"date":"2026-08-28T14:39:11","date_gmt":"2026-08-28T14:39:11","guid":{"rendered":"https:\/\/www.europesays.com\/ee\/263160\/"},"modified":"2026-08-28T14:39:11","modified_gmt":"2026-08-28T14:39:11","slug":"karl-taklaja-droonisojas-voidab-see-kes-sunnib-vastase-kallilt-sodima-delfi","status":"publish","type":"post","link":"https:\/\/www.europesays.com\/ee\/263160\/","title":{"rendered":"Karl Taklaja: droonis\u00f5jas v\u00f5idab see, kes sunnib vastase kallilt s\u00f5dima &#8211; Delfi"},"content":{"rendered":"<ol>\n<li><a href=\"https:\/\/news.google.com\/rss\/articles\/CBMiswFBVV95cUxNZE41S3dQSkk0V3g0Z1FHdXU3SWg1dk1WcE5qejdrM0FLTktrZ2h4UHFrWlpLZURucTJHeTRPa2IwRE5od3pRYWxLaVlBbzlYUTg0RlFWZTh0VTg3RDRDWFNDUldvRXBsZmtyWURrNGlRbXpYYng2ZXV2bkk0WkZLTUpCSFpRb1lEV2tYM01SRGNOTENaN3ZRcnpMXzJHNTFUbUhTNGhhSUFlR3lxS0tRcTJ4cw?oc=5\" target=\"_blank\" rel=\"nofollow noopener\">Karl Taklaja: droonis\u00f5jas v\u00f5idab see, kes sunnib vastase kallilt s\u00f5dima<\/a>&nbsp;&nbsp;Delfi<\/li>\n<li><a href=\"https:\/\/news.google.com\/rss\/articles\/CBMiigFBVV95cUxPVFhSWFcxOEhzcVJ3WWpYeFB6MUNIOXNpeTlCMXlRdy1YdkpzTHdqd1U2blB0NGJPLTh1UFNXbEluNFB4RXN0ZU10YmlsLVZtWWplOGphTnowaHhvVGZjNXl6QTdzNTV4a3FzVkswTE9QRG9JNFZobGEwVW1TQ0JCSWdwYVR1SFZuakE?oc=5\" target=\"_blank\" rel=\"nofollow noopener\">Ukraina n\u00e4itas drooniparaadil ligi 100 relvas\u00fcsteemi<\/a>&nbsp;&nbsp;ERR<\/li>\n<li><a href=\"https:\/\/news.google.com\/rss\/articles\/CBMitgFBVV95cUxPbFFkc0QxZTl2a1lxZEtDUE5EUXdJNl95OFQzc1NRQV9zRkdHbzE1T2FYMTZmNWNpZFM1dXhsakM0ZzdfeDRyZjBKWldRaW5LTGpvQ1pWMXloVFJEd0hGMExSSklPdDhjbGpSaHgxaXhzTDhhNVBWWXpZTnYyRUVlVldEeTQ1ZVo4OUk0OW5tTUJHOElSQkJud3piWllKbW1yMUxaQW5xYmowSndjUU5rMUxxSWt0UQ?oc=5\" target=\"_blank\" rel=\"nofollow noopener\">Zelensk\u00f5i s\u00f5nul peab Kiiev tootma p\u00e4evas sadu droone rohkem<\/a>&nbsp;&nbsp;Inbox.eu<\/li>\n<li><a href=\"https:\/\/news.google.com\/rss\/articles\/CBMi5AFBVV95cUxOZUpzQ0RRVmR3eWVNc05tQ3JBTzFzcDNXMUdvZTIzYUxycUE0NFNFYldWbU5mSFB0WlN5a182UGQ3aFBpeUx6bmdRLXIxSnlET2RuMTJBRG1uekR4b2RDTFI1akF6ellqZTBNSG9PaDhKaGhMamR3aWZ1UWpFb25ERU5vWDZ3SFZSd2o2WUlqeGloRXl4WDYyR29OV1A3YlZMNng1cWp3UXMtbjhmc0dPdlM4eHNyRHA3TmlkNWlDMGNBUHJUZHRfUEVJRlZjcU5pZVUzVENJUEIxVU1CMnJUTElQVnA?oc=5\" target=\"_blank\" rel=\"nofollow noopener\">S\u00d5JAP\u00c4EVIK (1644 p\u00e4ev) | Fakty: uuendatud h\u00e4vitajatega v\u00f5ivad Vene v\u00e4gede r\u00fcnnakud senisest ohtlikumaks muutuda<\/a>&nbsp;&nbsp;Eesti Ekspress<\/li>\n<\/ol>\n","protected":false},"excerpt":{"rendered":"Karl Taklaja: droonis\u00f5jas v\u00f5idab see, kes sunnib vastase kallilt s\u00f5dima&nbsp;&nbsp;Delfi Ukraina n\u00e4itas drooniparaadil ligi 100 relvas\u00fcsteemi&nbsp;&nbsp;ERR Zelensk\u00f5i s\u00f5nul&hellip;\n","protected":false},"author":2,"featured_media":263161,"comment_status":"","ping_status":"","sticky":false,"template":"","format":"standard","meta":{"footnotes":"","_share_on_mastodon":"0"},"categories":[14],"tags":[131,130,1274,2413,37,33,35,14949,34,36,29853],"class_list":["post-263160","post","type-post","status-publish","format-standard","has-post-thumbnail","category-ari","tag-ari","tag-business","tag-droonid","tag-droonitorje","tag-ee","tag-eesti","tag-eesti-keel","tag-elektrooniline-sojapidamine","tag-estonia","tag-estonian","tag-fpv-droonid"],"share_on_mastodon":{"url":"https:\/\/pubeurope.com\/@ee\/117173653625627806","error":""},"_links":{"self":[{"href":"https:\/\/www.europesays.com\/ee\/wp-json\/wp\/v2\/posts\/263160","targetHints":{"allow":["GET"]}}],"collection":[{"href":"https:\/\/www.europesays.com\/ee\/wp-json\/wp\/v2\/posts"}],"about":[{"href":"https:\/\/www.europesays.com\/ee\/wp-json\/wp\/v2\/types\/post"}],"author":[{"embeddable":true,"href":"https:\/\/www.europesays.com\/ee\/wp-json\/wp\/v2\/users\/2"}],"replies":[{"embeddable":true,"href":"https:\/\/www.europesays.com\/ee\/wp-json\/wp\/v2\/comments?post=263160"}],"version-history":[{"count":0,"href":"https:\/\/www.europesays.com\/ee\/wp-json\/wp\/v2\/posts\/263160\/revisions"}],"wp:featuredmedia":[{"embeddable":true,"href":"https:\/\/www.europesays.com\/ee\/wp-json\/wp\/v2\/media\/263161"}],"wp:attachment":[{"href":"https:\/\/www.europesays.com\/ee\/wp-json\/wp\/v2\/media?parent=263160"}],"wp:term":[{"taxonomy":"category","embeddable":true,"href":"https:\/\/www.europesays.com\/ee\/wp-json\/wp\/v2\/categories?post=263160"},{"taxonomy":"post_tag","embeddable":true,"href":"https:\/\/www.europesays.com\/ee\/wp-json\/wp\/v2\/tags?post=263160"}],"curies":[{"name":"wp","href":"https:\/\/api.w.org\/{rel}","templated":true}]}}