{"id":263168,"date":"2026-08-28T14:50:10","date_gmt":"2026-08-28T14:50:10","guid":{"rendered":"https:\/\/www.europesays.com\/ee\/263168\/"},"modified":"2026-08-28T14:50:10","modified_gmt":"2026-08-28T14:50:10","slug":"maailmas-noorimana-troonile-tousnud-uganda-tooro-kuningriigi-valitseja-suri-34-aastaselt","status":"publish","type":"post","link":"https:\/\/www.europesays.com\/ee\/263168\/","title":{"rendered":"Maailmas noorimana troonile t\u00f5usnud Uganda Tooro kuningriigi valitseja suri 34-aastaselt"},"content":{"rendered":"<p>Tooro peaminister Calvin Rwomiire Akiiki teatas kuninga surmast reede varahommikul. Peaministri avalduse kohaselt on krooni j\u00e4rjepidevus tagatud. \u201eTema Majesteedist j\u00e4\u00e4b maha p\u00e4rijaks prints, kelle isik avalikustatakse ametlikult sobival ajal Tooro kuningriigi traditsioonide ja tavade kohaselt,\u201c seisis teates. <a rel=\"noopener nofollow\" target=\"_blank\" href=\"https:\/\/www.delfi.ee\/teema\/70373667\/kuningas\" tag-id=\"70373667\">Kuningas<\/a> oli poissmees. <\/p>\n<p>Tooro kuninga surm ehmatas paljusid ugandalasi, kes ei teadnud, et teda ravitakse v\u00e4lismaal teadmata haiguse vastu, <a rel=\"noopener noreferrer nofollow\" target=\"_blank\" href=\"https:\/\/apnews.com\/article\/uganda-boy-king-oyo-nyimba-death-25a6ddd338545d0c3f0fff9bdeef6d79\" data-rel-date-range=\"[]\">vahendas<\/a> AP. Tooro v\u00f5imud olid varem kinnitanud, et Oyo on elus, kuid kriitilises seisundis, mist\u00f5ttu tuli tema surm paljudele ootamatult. <\/p>\n<p><a href=\"https:\/\/www.delfi.ee\/artikkel\/120606814\/maailmas-noorimana-troonile-tousnud-uganda-tooro-kuningriigi-valitseja-suri-34-aastaselt\/kommentaarid\" class=\"button button--primary button--size-auto article-body-bottom__comment article-body-bottom__comment--write\" style=\"\" rel=\"nofollow noopener\" target=\"_blank\">Kommenteeri<\/a><a href=\"https:\/\/www.delfi.ee\/artikkel\/120606814\/maailmas-noorimana-troonile-tousnud-uganda-tooro-kuningriigi-valitseja-suri-34-aastaselt\/kommentaarid\" class=\"button button--size-auto article-body-bottom__comment article-body-bottom__comment--read\" style=\"\" rel=\"nofollow noopener\" target=\"_blank\">Loe kommentaare (2)<\/a><\/p>\n","protected":false},"excerpt":{"rendered":"Tooro peaminister Calvin Rwomiire Akiiki teatas kuninga surmast reede varahommikul. Peaministri avalduse kohaselt on krooni j\u00e4rjepidevus tagatud. \u201eTema&hellip;\n","protected":false},"author":2,"featured_media":263169,"comment_status":"","ping_status":"","sticky":false,"template":"","format":"standard","meta":{"footnotes":"","_share_on_mastodon":"0"},"categories":[14],"tags":[1114,131,130,37,33,35,34,36,101997,101998,17830],"class_list":["post-263168","post","type-post","status-publish","format-standard","has-post-thumbnail","category-ari","tag-aafrika","tag-ari","tag-business","tag-ee","tag-eesti","tag-eesti-keel","tag-estonia","tag-estonian","tag-kuningas","tag-oyo-nyimba","tag-uganda"],"share_on_mastodon":{"url":"https:\/\/pubeurope.com\/@ee\/117173696845257162","error":""},"_links":{"self":[{"href":"https:\/\/www.europesays.com\/ee\/wp-json\/wp\/v2\/posts\/263168","targetHints":{"allow":["GET"]}}],"collection":[{"href":"https:\/\/www.europesays.com\/ee\/wp-json\/wp\/v2\/posts"}],"about":[{"href":"https:\/\/www.europesays.com\/ee\/wp-json\/wp\/v2\/types\/post"}],"author":[{"embeddable":true,"href":"https:\/\/www.europesays.com\/ee\/wp-json\/wp\/v2\/users\/2"}],"replies":[{"embeddable":true,"href":"https:\/\/www.europesays.com\/ee\/wp-json\/wp\/v2\/comments?post=263168"}],"version-history":[{"count":0,"href":"https:\/\/www.europesays.com\/ee\/wp-json\/wp\/v2\/posts\/263168\/revisions"}],"wp:featuredmedia":[{"embeddable":true,"href":"https:\/\/www.europesays.com\/ee\/wp-json\/wp\/v2\/media\/263169"}],"wp:attachment":[{"href":"https:\/\/www.europesays.com\/ee\/wp-json\/wp\/v2\/media?parent=263168"}],"wp:term":[{"taxonomy":"category","embeddable":true,"href":"https:\/\/www.europesays.com\/ee\/wp-json\/wp\/v2\/categories?post=263168"},{"taxonomy":"post_tag","embeddable":true,"href":"https:\/\/www.europesays.com\/ee\/wp-json\/wp\/v2\/tags?post=263168"}],"curies":[{"name":"wp","href":"https:\/\/api.w.org\/{rel}","templated":true}]}}