{"id":263172,"date":"2026-08-28T15:00:14","date_gmt":"2026-08-28T15:00:14","guid":{"rendered":"https:\/\/www.europesays.com\/ee\/263172\/"},"modified":"2026-08-28T15:00:14","modified_gmt":"2026-08-28T15:00:14","slug":"paskotsi-ja-kaidi-koduklubid-loositi-konverentsiliigas-vastamisi","status":"publish","type":"post","link":"https:\/\/www.europesays.com\/ee\/263172\/","title":{"rendered":"Paskot\u0161i ja K\u00e4idi koduklubid loositi Konverentsiliigas vastamisi"},"content":{"rendered":"<p>Paskot\u0161i ja tema t\u00f6\u00f6andja KAA Gent (Belgia) kohtuvad lisaks K\u00e4idi koduklubile FC Thunile Serbia tippmeeskonna Belgradi Crvena zvezdaga, Soome meistri KuPS-iga, taanlaste Aarhusi, norralaste Branni ja Portugali klubi Bragaga.<\/p>\n<p>\u0160veitsi klubi FC Thun l\u00e4heb p\u00f5hiturniiril lisaks Gentile vastamisi kahe Hollandi klubiga, Amsterdami Ajaxi ja Twentega, \u0161otlaste Heartsi, Bulgaaria meeskonna Sofia CSKA ning Horvaatia klubi Spliti Hajdukiga.  <\/p>\n<p>Konverentsiliiga p\u00f5hiturniiriga tehakse algust 15. oktoobril. <\/p>\n<p>Kuidas see lugu Sind end tundma pani?Saada<a href=\"https:\/\/sport.delfi.ee\/artikkel\/120606871\/paskotsi-ja-kaidi-koduklubid-loositi-konverentsiliigas-vastamisi\/kommentaarid\" class=\"button button--primary button--size-auto article-body-bottom__comment article-body-bottom__comment--write\" style=\"\" rel=\"nofollow noopener\" target=\"_blank\">Kommenteeri<\/a><a href=\"https:\/\/sport.delfi.ee\/artikkel\/120606871\/paskotsi-ja-kaidi-koduklubid-loositi-konverentsiliigas-vastamisi\/kommentaarid\" class=\"button button--size-auto article-body-bottom__comment article-body-bottom__comment--read\" style=\"\" rel=\"nofollow noopener\" target=\"_blank\">Loe kommentaare <\/a><\/p>\n","protected":false},"excerpt":{"rendered":"Paskot\u0161i ja tema t\u00f6\u00f6andja KAA Gent (Belgia) kohtuvad lisaks K\u00e4idi koduklubile FC Thunile Serbia tippmeeskonna Belgradi Crvena zvezdaga,&hellip;\n","protected":false},"author":2,"featured_media":263173,"comment_status":"","ping_status":"","sticky":false,"template":"","format":"standard","meta":{"footnotes":"","_share_on_mastodon":"0"},"categories":[18],"tags":[37,33,35,34,36,172,3094,5651,159,158],"class_list":["post-263172","post","type-post","status-publish","format-standard","has-post-thumbnail","category-sport","tag-ee","tag-eesti","tag-eesti-keel","tag-estonia","tag-estonian","tag-jalgpall","tag-maksim-paskotsi","tag-mattias-kait","tag-sport","tag-sports"],"share_on_mastodon":{"url":"https:\/\/pubeurope.com\/@ee\/117173736316064154","error":""},"_links":{"self":[{"href":"https:\/\/www.europesays.com\/ee\/wp-json\/wp\/v2\/posts\/263172","targetHints":{"allow":["GET"]}}],"collection":[{"href":"https:\/\/www.europesays.com\/ee\/wp-json\/wp\/v2\/posts"}],"about":[{"href":"https:\/\/www.europesays.com\/ee\/wp-json\/wp\/v2\/types\/post"}],"author":[{"embeddable":true,"href":"https:\/\/www.europesays.com\/ee\/wp-json\/wp\/v2\/users\/2"}],"replies":[{"embeddable":true,"href":"https:\/\/www.europesays.com\/ee\/wp-json\/wp\/v2\/comments?post=263172"}],"version-history":[{"count":0,"href":"https:\/\/www.europesays.com\/ee\/wp-json\/wp\/v2\/posts\/263172\/revisions"}],"wp:featuredmedia":[{"embeddable":true,"href":"https:\/\/www.europesays.com\/ee\/wp-json\/wp\/v2\/media\/263173"}],"wp:attachment":[{"href":"https:\/\/www.europesays.com\/ee\/wp-json\/wp\/v2\/media?parent=263172"}],"wp:term":[{"taxonomy":"category","embeddable":true,"href":"https:\/\/www.europesays.com\/ee\/wp-json\/wp\/v2\/categories?post=263172"},{"taxonomy":"post_tag","embeddable":true,"href":"https:\/\/www.europesays.com\/ee\/wp-json\/wp\/v2\/tags?post=263172"}],"curies":[{"name":"wp","href":"https:\/\/api.w.org\/{rel}","templated":true}]}}