{"id":263182,"date":"2026-08-28T15:12:09","date_gmt":"2026-08-28T15:12:09","guid":{"rendered":"https:\/\/www.europesays.com\/ee\/263182\/"},"modified":"2026-08-28T15:12:09","modified_gmt":"2026-08-28T15:12:09","slug":"trump-nimetas-usa-ja-kanada-piiril-asuva-ontario-jarve-umber-ameerika-jarveks","status":"publish","type":"post","link":"https:\/\/www.europesays.com\/ee\/263182\/","title":{"rendered":"Trump nimetas USA ja Kanada piiril asuva Ontario j\u00e4rve \u00fcmber \u201eAmeerika j\u00e4rveks\u201c"},"content":{"rendered":"<p>Korraldus kohustab USA siseministeeriumi uuendama j\u00e4rve nime USA geograafiliste nimede andmebaasis 30 p\u00e4eva jooksul. Trump ei saa aga sundida Kanadat seda korraldust j\u00e4rgima.<\/p>\n<p>Korralduse allkirjastamisel oli ovaalkabineti t\u00f6\u00f6laua taga istunud Trumpi taustale seatud Suure j\u00e4rvistu kaart. Teiste j\u00e4rvede seas kaardil kujutatud Ontario j\u00e4rve kohale oli punaste t\u00e4htedega t\u00fckitud selle uus nimi \u201eAmeerika j\u00e4rv\u201c. Trumpi taga oli teinegi kaart, millele oli kirjutatud loosung \u201eTeeme Suure j\u00e4rvistu veelgi suuremaks\u201c.<\/p>\n<p>Trump k\u00e4is nimevahetuse idee v\u00e4lja juba m\u00f5ned p\u00e4evad tagasi p\u00e4rast USA-Kanada kaubandusk\u00f5neluste nurjumist m\u00f6\u00f6dunud n\u00e4dalavahetusel. Kokkuleppe puudumise t\u00f5ttu kehtestas USA 50-protsendilise tollimaksu 20 miljardi dollari v\u00e4\u00e4rtuses Kanada kaupadele. Kanada vastas meetmele sel n\u00e4dalal, kehtestades samuti <a rel=\"noopener nofollow\" target=\"_blank\" href=\"https:\/\/www.delfi.ee\/teema\/96871057\/tollimaksud\" tag-id=\"96871057\">tollimaksud<\/a> 20 miljardi dollari v\u00e4\u00e4rtuses USA kaupadele.<\/p>\n<p>Kanada peaminister <a rel=\"noopener nofollow\" target=\"_blank\" href=\"https:\/\/www.delfi.ee\/teema\/70654081\/mark-carney\" tag-id=\"70654081\">Mark Carney<\/a> l\u00fckkas tagasi Trumpi otsuse j\u00e4rv \u00fcmber nimetada, m\u00e4rkides, et selle nime juured ulatuvad p\u00f5lisrahvasteni. Nimi Ontario p\u00e4rineb huroni p\u00f5lisrahva s\u00f5nast, mis t\u00e4hendab \u201es\u00e4ravate vete j\u00e4rv\u201c. <\/p>\n<p>\u201eKanadalased teavad ka seda, et reaalsuse tunnistamine t\u00e4hendab selle kutsumist Ontario j\u00e4rveks \u2013 nii tollal, praegu kui ka alati,\u201c kirjutas Carney.<\/p>\n<p>Trump on oma teise ametiaja jooksul olnud konfliktis ka teise naaberriigi Mehhikoga, millest tulenevalt otsustas ta nimetada Mehhiko lahe \u00fcmber \u201eAmeerika laheks\u201c. <\/p>\n<p>Viimasel allkirjastamisel vihjas Trump, et tema p\u00fc\u00fcdlused nimetada veekogusid \u00fcmber ei pruugi olla l\u00f5ppenud. \u201eLaht ja j\u00e4rv on meil olemas. N\u00fc\u00fcd on meil vaja ainult ookeani,\u201c \u00fctles Trump. \u201eV\u00f5ib-olla peame Atlandi ja\/v\u00f5i Vaikse ookeani nime \u00e4ra muutma.\u201c<\/p>\n<p>Kuidas see lugu Sind end tundma pani?Saada<a href=\"https:\/\/www.delfi.ee\/artikkel\/120606868\/trump-nimetas-usa-ja-kanada-piiril-asuva-ontario-jarve-umber-ameerika-jarveks\/kommentaarid\" class=\"button button--primary button--size-auto article-body-bottom__comment article-body-bottom__comment--write\" style=\"\" rel=\"nofollow noopener\" target=\"_blank\">Kommenteeri<\/a><a href=\"https:\/\/www.delfi.ee\/artikkel\/120606868\/trump-nimetas-usa-ja-kanada-piiril-asuva-ontario-jarve-umber-ameerika-jarveks\/kommentaarid\" class=\"button button--size-auto article-body-bottom__comment article-body-bottom__comment--read\" style=\"\" rel=\"nofollow noopener\" target=\"_blank\">Loe kommentaare (14)<\/a><\/p>\n","protected":false},"excerpt":{"rendered":"Korraldus kohustab USA siseministeeriumi uuendama j\u00e4rve nime USA geograafiliste nimede andmebaasis 30 p\u00e4eva jooksul. Trump ei saa aga&hellip;\n","protected":false},"author":2,"featured_media":263183,"comment_status":"","ping_status":"","sticky":false,"template":"","format":"standard","meta":{"footnotes":"","_share_on_mastodon":"0"},"categories":[14],"tags":[131,130,324,37,33,35,34,36,1554,13651,1555,4502,325],"class_list":["post-263182","post","type-post","status-publish","format-standard","has-post-thumbnail","category-ari","tag-ari","tag-business","tag-donald-trump","tag-ee","tag-eesti","tag-eesti-keel","tag-estonia","tag-estonian","tag-kanada","tag-kaubandussoda","tag-mark-carney","tag-tollimaksud","tag-usa"],"share_on_mastodon":{"url":"https:\/\/pubeurope.com\/@ee\/117173783502990491","error":""},"_links":{"self":[{"href":"https:\/\/www.europesays.com\/ee\/wp-json\/wp\/v2\/posts\/263182","targetHints":{"allow":["GET"]}}],"collection":[{"href":"https:\/\/www.europesays.com\/ee\/wp-json\/wp\/v2\/posts"}],"about":[{"href":"https:\/\/www.europesays.com\/ee\/wp-json\/wp\/v2\/types\/post"}],"author":[{"embeddable":true,"href":"https:\/\/www.europesays.com\/ee\/wp-json\/wp\/v2\/users\/2"}],"replies":[{"embeddable":true,"href":"https:\/\/www.europesays.com\/ee\/wp-json\/wp\/v2\/comments?post=263182"}],"version-history":[{"count":0,"href":"https:\/\/www.europesays.com\/ee\/wp-json\/wp\/v2\/posts\/263182\/revisions"}],"wp:featuredmedia":[{"embeddable":true,"href":"https:\/\/www.europesays.com\/ee\/wp-json\/wp\/v2\/media\/263183"}],"wp:attachment":[{"href":"https:\/\/www.europesays.com\/ee\/wp-json\/wp\/v2\/media?parent=263182"}],"wp:term":[{"taxonomy":"category","embeddable":true,"href":"https:\/\/www.europesays.com\/ee\/wp-json\/wp\/v2\/categories?post=263182"},{"taxonomy":"post_tag","embeddable":true,"href":"https:\/\/www.europesays.com\/ee\/wp-json\/wp\/v2\/tags?post=263182"}],"curies":[{"name":"wp","href":"https:\/\/api.w.org\/{rel}","templated":true}]}}