{"id":263194,"date":"2026-08-28T15:32:10","date_gmt":"2026-08-28T15:32:10","guid":{"rendered":"https:\/\/www.europesays.com\/ee\/263194\/"},"modified":"2026-08-28T15:32:10","modified_gmt":"2026-08-28T15:32:10","slug":"tasub-teada-%e2%9f%a9-keda-puudutab-kuuvarjutus-seekord-koige-rohkem","status":"publish","type":"post","link":"https:\/\/www.europesays.com\/ee\/263194\/","title":{"rendered":"TASUB TEADA \u27e9 Keda puudutab kuuvarjutus seekord k\u00f5ige rohkem?"},"content":{"rendered":"<p>T\u00e4nane kuuvarjutus, mille j\u00e4relm\u00f5jus oleme veel p\u00e4evi (11. septembril l\u00f5ppeb varjutuste periood), j\u00e4i pingenurka Uraaniga ja vastamisi Merkuuriga, mist\u00f5ttu see v\u00f5ib olla n\u00e4rvis\u00fcsteemile v\u00e4gagi koormav. V\u00f5ib tulla ootamatut infot, mis n\u00f5uab v\u00e4ga kiiret reageerimist, plaanide \u00fcmbertegemist, ent samal ajal on vaja tegeleda suure kuhja alateadvusest t\u00e4rkavate emotsioonidega, mida t\u00e4iskuu Kalades tahab vabastada.<\/p>\n","protected":false},"excerpt":{"rendered":"T\u00e4nane kuuvarjutus, mille j\u00e4relm\u00f5jus oleme veel p\u00e4evi (11. septembril l\u00f5ppeb varjutuste periood), j\u00e4i pingenurka Uraaniga ja vastamisi Merkuuriga,&hellip;\n","protected":false},"author":2,"featured_media":263195,"comment_status":"","ping_status":"","sticky":false,"template":"","format":"standard","meta":{"footnotes":"","_share_on_mastodon":"0"},"categories":[16],"tags":[9943,37,33,35,173,21170,34,36,102002,206,102001,49461,102003,140,26183,843,842,9140,96337,102000],"class_list":["post-263194","post","type-post","status-publish","format-standard","has-post-thumbnail","category-meelelahutus","tag-astroloogia","tag-ee","tag-eesti","tag-eesti-keel","tag-entertainment","tag-esoteerika","tag-estonia","tag-estonian","tag-hingeteadus","tag-horoskoop","tag-kulminatsioon","tag-kuuvarjutus","tag-kuuvarjutus-kalades","tag-meelelahutus","tag-planeediseisud","tag-sodiaagimargid","tag-tahemargid","tag-taiskuu","tag-varjutuste-koridor","tag-varjutuste-periood"],"share_on_mastodon":{"url":"https:\/\/pubeurope.com\/@ee\/117173862173769624","error":""},"_links":{"self":[{"href":"https:\/\/www.europesays.com\/ee\/wp-json\/wp\/v2\/posts\/263194","targetHints":{"allow":["GET"]}}],"collection":[{"href":"https:\/\/www.europesays.com\/ee\/wp-json\/wp\/v2\/posts"}],"about":[{"href":"https:\/\/www.europesays.com\/ee\/wp-json\/wp\/v2\/types\/post"}],"author":[{"embeddable":true,"href":"https:\/\/www.europesays.com\/ee\/wp-json\/wp\/v2\/users\/2"}],"replies":[{"embeddable":true,"href":"https:\/\/www.europesays.com\/ee\/wp-json\/wp\/v2\/comments?post=263194"}],"version-history":[{"count":0,"href":"https:\/\/www.europesays.com\/ee\/wp-json\/wp\/v2\/posts\/263194\/revisions"}],"wp:featuredmedia":[{"embeddable":true,"href":"https:\/\/www.europesays.com\/ee\/wp-json\/wp\/v2\/media\/263195"}],"wp:attachment":[{"href":"https:\/\/www.europesays.com\/ee\/wp-json\/wp\/v2\/media?parent=263194"}],"wp:term":[{"taxonomy":"category","embeddable":true,"href":"https:\/\/www.europesays.com\/ee\/wp-json\/wp\/v2\/categories?post=263194"},{"taxonomy":"post_tag","embeddable":true,"href":"https:\/\/www.europesays.com\/ee\/wp-json\/wp\/v2\/tags?post=263194"}],"curies":[{"name":"wp","href":"https:\/\/api.w.org\/{rel}","templated":true}]}}