{"id":263216,"date":"2026-08-28T16:06:10","date_gmt":"2026-08-28T16:06:10","guid":{"rendered":"https:\/\/www.europesays.com\/ee\/263216\/"},"modified":"2026-08-28T16:06:10","modified_gmt":"2026-08-28T16:06:10","slug":"ametlik-seitsmekordne-saksamaa-meister-hakkab-karjaarile-uut-elu-sisse-puhuma-inglismaal-soccernet-ee","status":"publish","type":"post","link":"https:\/\/www.europesays.com\/ee\/263216\/","title":{"rendered":"Ametlik: seitsmekordne Saksamaa meister hakkab karj\u00e4\u00e4rile uut elu sisse puhuma Inglismaal &#8211; Soccernet.ee"},"content":{"rendered":"<p><img decoding=\"async\" src=\"https:\/\/www.europesays.com\/ee\/wp-content\/uploads\/2026\/08\/1787434551.jpg\" alt=\"Saksamaa koondise pikaaegsest tugitalast Leon Goretzkast sai Aston Villa m\u00e4ngija. Foto: Scanpix \/ Tom Weller \/ DPA \/ Picture-Alliance\"\/>&#13;\n<\/p>\n<p>M\u00fcncheni Bayerniga lepingu l\u00f5petanud ja kaheksa aasta j\u00e4rel vabaagendina nende ridadest lahkunud Leon Goretka j\u00e4tkab karj\u00e4\u00e4ri Inglismaa k\u00f5rgliigas Aston Villa ridades.<\/p>\n<p>31-aastane poolkaitsja sai Bayerni s\u00e4rgis kirja 312 kohtumist ja l\u00f5i 51 v\u00e4ravat. Tema auhinnakappi lisandus seitse Saksamaa meistritiitlit ja 2020. aastal ka Meistrite liiga v\u00f5it. Goretzka on 73-kordne Saksamaa koondislane, ent suvisel MM-il j\u00e4i tema osaks sakslaste neljast kohtumisest kolmes vahetusest sekkumine.&#13;\n<\/p>\n<p>&#8220;V\u00f5tsin veidi pikema puhkuse ja selle k\u00e4igus oli mul aega m\u00f5elda, mida p\u00e4riselt tahan. Villa pakkumine tekitas esimesest hetkest peale hea tunde. Nad on suur klubi, tahan neid oma kogemustega aidata,&#8221; lausus Goretzka, kes ei teinud saladust, et teda ahvatles eelmisel hooajal liigas neljanda koha saanud ning Euroopa liiga v\u00f5itnud Villa osalemine Meistrite liiga p\u00f5hiturniiril.&#13;\n<\/p>\n<p>&#8220;Ootan v\u00e4ga, et saaksin iga paari p\u00e4eva tagant suuri m\u00e4nge m\u00e4ngida. See on ilmselt suurim erinevus Bundesligaga, kus hooaja peale tuleb vaid m\u00f5ni suurep\u00e4rane m\u00e4ng suure vastasega,&#8221; m\u00e4rkis Goretzka.<\/p>\n<p>Villa, kes kaotas hooaja esimeses voorus v\u00f5\u00f5rsil 0:4 Brightonile, vajas keskv\u00e4ljale h\u00e4dasti tugevdust, sest Amadou Onana sai MM-il Belgia eest m\u00e4ngides vigastada ja naaseb parimal juhul platsile alles j\u00e4rgmisel aastal. Morgan Rogers m\u00fc\u00fcdi 117 miljoni naela eest Chelseasse, belglane Youri Tielemans siirdus aga Manchester Unitedisse.\u00a0&#13;\n<\/p>\n<p>Samuti lahkusid suvel klubist Arsenaliga liitunud keskkaitsja Ezri Konsa ja PSG-sse naasnud vasakkaitsja Lucas Digne. T\u00f5en\u00e4oliselt vahetab l\u00e4hip\u00e4evil klubi ka r\u00fcndaja Ollie Watkins. Tema asendajaks toodi Chelseast senegallane Nicolas Jackson, kes oli mullu laenul M\u00fcncheni Bayernis ehk jagas Goretzkaga riietusruumi.&#13;\n<\/p>\n<blockquote class=\"twitter-tweet\"><p>&#13;<\/p>\n<p lang=\"en\" dir=\"ltr\">Built for B6 \ud83d\udcaa <a href=\"https:\/\/t.co\/8m3ZNSHTza\" rel=\"nofollow\">pic.twitter.com\/8m3ZNSHTza<\/a>&#13;<br \/>\n\u2014 Aston Villa (@AstonVilla) <a href=\"https:\/\/x.com\/AstonVilla\/status\/2093000760174731274?ref_src=twsrc%5Etfw\" rel=\"nofollow\">August 27, 2026<\/a><\/p>\n<\/blockquote>\n<p>Aastaid meeskonna keskv\u00e4lja nurgakiviks olnud Goretzka ja Bayerni suhted jahtusid juba m\u00f5ne aasta eest, kui klubi proovis teda saata laenule Galatasaray ridadesse. Poolkaitsja ei olnud aga n\u00f5us k\u00f5rgest palgast loobuma, mis v\u00e4listas automaatselt hulga kosilasi, ning seega otsustas M\u00fcncheni klubi lasta tema lepingul lihtsalt l\u00f5puni joosta. Eelmisel hooajal sai ta k\u00fcll Bayerni s\u00e4rgis kirja 48 kohtumist ja k\u00e4is platsil k\u00f5igis liigam\u00e4ngudes peale kolme, ent Vincent Kompany hakkas teda aina sagedamini kasutama vahetusmehena.<\/p>\n<p>2018. aastal Schalkest Bayernisse siirdunud Goretzkat peeti nooruses erakordseks talendiks, kes oli v\u00f5imeline t\u00e4itma keskv\u00e4ljal k\u00f5iki positsioone ning m\u00e4ngima lisaks vajadusel keskkaitses v\u00f5i ka r\u00fcndaja all. Just viimases rollis ehk number k\u00fcmnena s\u00e4ras ta veel mullu m\u00e4rtsis ja juunis, kui Saksamaa m\u00e4ngis Rahvuste liiga otsustavaid kohtumisi ning Julian Nagelsmann edutas Goretzka algkoosseisu. Samas on tema karj\u00e4\u00e4ri j\u00e4rjepidevalt seganud pisivigastused, mille t\u00f5ttu ta m\u00e4ngis n\u00e4iteks 2021. aastal toimunud EM-finaalturniiril vaid \u00fches m\u00e4ngus.                         <\/p>\n<p><script async src=\"https:\/\/platform.twitter.com\/widgets.js\" charset=\"utf-8\"><\/script><\/p>\n","protected":false},"excerpt":{"rendered":"&#13; M\u00fcncheni Bayerniga lepingu l\u00f5petanud ja kaheksa aasta j\u00e4rel vabaagendina nende ridadest lahkunud Leon Goretka j\u00e4tkab karj\u00e4\u00e4ri Inglismaa&hellip;\n","protected":false},"author":2,"featured_media":263217,"comment_status":"","ping_status":"","sticky":false,"template":"","format":"standard","meta":{"footnotes":"","_share_on_mastodon":"0"},"categories":[18],"tags":[1611,525,527,37,33,35,34,36,18040,1101,47148,538,808,51,159,158,2085],"class_list":["post-263216","post","type-post","status-publish","format-standard","has-post-thumbnail","category-sport","tag-aston-villa","tag-bayern","tag-bundesliga","tag-ee","tag-eesti","tag-eesti-keel","tag-estonia","tag-estonian","tag-goretzka","tag-inglismaa","tag-leon-goretzka","tag-muncheni-bayern","tag-premier-league","tag-saksamaa","tag-sport","tag-sports","tag-villa"],"share_on_mastodon":{"url":"https:\/\/pubeurope.com\/@ee\/117173996051292755","error":""},"_links":{"self":[{"href":"https:\/\/www.europesays.com\/ee\/wp-json\/wp\/v2\/posts\/263216","targetHints":{"allow":["GET"]}}],"collection":[{"href":"https:\/\/www.europesays.com\/ee\/wp-json\/wp\/v2\/posts"}],"about":[{"href":"https:\/\/www.europesays.com\/ee\/wp-json\/wp\/v2\/types\/post"}],"author":[{"embeddable":true,"href":"https:\/\/www.europesays.com\/ee\/wp-json\/wp\/v2\/users\/2"}],"replies":[{"embeddable":true,"href":"https:\/\/www.europesays.com\/ee\/wp-json\/wp\/v2\/comments?post=263216"}],"version-history":[{"count":0,"href":"https:\/\/www.europesays.com\/ee\/wp-json\/wp\/v2\/posts\/263216\/revisions"}],"wp:featuredmedia":[{"embeddable":true,"href":"https:\/\/www.europesays.com\/ee\/wp-json\/wp\/v2\/media\/263217"}],"wp:attachment":[{"href":"https:\/\/www.europesays.com\/ee\/wp-json\/wp\/v2\/media?parent=263216"}],"wp:term":[{"taxonomy":"category","embeddable":true,"href":"https:\/\/www.europesays.com\/ee\/wp-json\/wp\/v2\/categories?post=263216"},{"taxonomy":"post_tag","embeddable":true,"href":"https:\/\/www.europesays.com\/ee\/wp-json\/wp\/v2\/tags?post=263216"}],"curies":[{"name":"wp","href":"https:\/\/api.w.org\/{rel}","templated":true}]}}