{"id":263232,"date":"2026-08-28T16:28:16","date_gmt":"2026-08-28T16:28:16","guid":{"rendered":"https:\/\/www.europesays.com\/ee\/263232\/"},"modified":"2026-08-28T16:28:16","modified_gmt":"2026-08-28T16:28:16","slug":"sinner-valjas-ja-alcarazi-kohal-kusimargid-kes-voidab-us-openi","status":"publish","type":"post","link":"https:\/\/www.europesays.com\/ee\/263232\/","title":{"rendered":"Sinner v\u00e4ljas ja Alcarazi kohal k\u00fcsim\u00e4rgid. Kes v\u00f5idab US Openi?"},"content":{"rendered":"<p>USA lahtiste eel on k\u00fcsimusi rohkem kui vastused, kuna maailma esireket <a rel=\"noopener nofollow\" target=\"_blank\" href=\"https:\/\/www.delfi.ee\/teema\/93032243\/jannik-sinner\" tag-id=\"93032243\">Jannik Sinner<\/a> j\u00e4tab turniiri p\u00f5lvevigastuse t\u00f5ttu vahele ja kolmandal numbril <a rel=\"noopener nofollow\" target=\"_blank\" href=\"https:\/\/www.delfi.ee\/teema\/96332595\/carlos-alcaraz\" tag-id=\"96332595\">Carlos Alcarazil<\/a> on selja taga nelja kuu pikkune randmevigastusest tingitud v\u00f5istluspaus. New Yorgis on ta k\u00f5igele vaatamata kohal, kuid \u201eMat\u0161palli\u201c eksperdid liiga suurt edu talle ennustada ei julge.<\/p>\n<p>Millised v\u00f5imalused on <a rel=\"noopener nofollow\" target=\"_blank\" href=\"https:\/\/www.delfi.ee\/teema\/56497894\/novak-djokovic\" tag-id=\"56497894\">Novak Djokovicil<\/a>, kes jahib endiselt rekordilist 25. sl\u00e4mmitiitlit? V\u00f5i saabub viimaks uue generatsiooni m\u00e4ngijate t\u00e4hetund, kellest Rafael Jodar ja Arthur Fils on USA lahtiste eel fantastilises hoos? Kes on favoriidid naiste turniiri v\u00f5idule? Neile ja veel paljudele teistele k\u00fcsimustele \u00fcritati leida saates vastused.<\/p>\n<p><img decoding=\"async\" src=\"https:\/\/www.europesays.com\/ee\/wp-content\/uploads\/2026\/08\/30fd8505-7e15-4a4b-923f-3b380ad21b97.jpg\" loading=\"lazy\" alt=\"Carlos Alcaraz l\u00f5petas US Openi segapaarism\u00e4nguturniiril pika v\u00f5istluspausi, kuid tema vormi kohal on suured k\u00fcsim\u00e4rgid.\"\/><\/p>\n<p>Saate alguses v\u00f5eti pulkadeks lahti ka Eesti tennisistide <a rel=\"noopener nofollow\" target=\"_blank\" href=\"https:\/\/www.delfi.ee\/teema\/90823251\/mark-lajal\" tag-id=\"90823251\">Mark Lajali<\/a> ja <a rel=\"noopener nofollow\" target=\"_blank\" href=\"https:\/\/www.delfi.ee\/teema\/82222533\/daniil-glinka\" tag-id=\"82222533\">Daniil Glinka<\/a> esitused New Yorgis. Lajal pidi kvalifikatsiooniturniiril pakkima reketid juba esimese m\u00e4ngu j\u00e4rel, kaotades 16-aastasele ameeriklasele Jordan Leele (ATP 963.). Glinka suutis avam\u00e4ngus alistada hispaanlase Pedro Martinezi (ATP 148.), kuid pidi seej\u00e4rel tunnistama maailma 118. reketi Zsombor Pirosi paremust.<\/p>\n<p>Saadet juhib Ken Thor Aabrams. Ekspertidena on stuudios Riho Kallus ja Toomas Kuum ning teiselt poolt ookeani New Yorgist jagab oma muljeid ka Alo Ojassalu. Head kuulamist!<\/p>\n<p>Kuidas see lugu Sind end tundma pani?Saada<a href=\"https:\/\/sport.delfi.ee\/artikkel\/120606881\/sinner-valjas-ja-alcarazi-kohal-kusimargid-kes-voidab-us-openi\/kommentaarid\" class=\"button button--primary button--size-auto article-body-bottom__comment article-body-bottom__comment--write\" style=\"\" rel=\"nofollow noopener\" target=\"_blank\">Kommenteeri<\/a><a href=\"https:\/\/sport.delfi.ee\/artikkel\/120606881\/sinner-valjas-ja-alcarazi-kohal-kusimargid-kes-voidab-us-openi\/kommentaarid\" class=\"button button--size-auto article-body-bottom__comment article-body-bottom__comment--read\" style=\"\" rel=\"nofollow noopener\" target=\"_blank\">Loe kommentaare <\/a><\/p>\n","protected":false},"excerpt":{"rendered":"USA lahtiste eel on k\u00fcsimusi rohkem kui vastused, kuna maailma esireket Jannik Sinner j\u00e4tab turniiri p\u00f5lvevigastuse t\u00f5ttu vahele&hellip;\n","protected":false},"author":2,"featured_media":263233,"comment_status":"","ping_status":"","sticky":false,"template":"","format":"standard","meta":{"footnotes":"","_share_on_mastodon":"0"},"categories":[18],"tags":[3863,556,37,33,35,34,36,6291,557,2787,159,158,2827,6779],"class_list":["post-263232","post","type-post","status-publish","format-standard","has-post-thumbnail","category-sport","tag-carlos-alcaraz","tag-daniil-glinka","tag-ee","tag-eesti","tag-eesti-keel","tag-estonia","tag-estonian","tag-jannik-sinner","tag-mark-lajal","tag-novak-djokovic","tag-sport","tag-sports","tag-tennis","tag-us-open"],"share_on_mastodon":{"url":"https:\/\/pubeurope.com\/@ee\/117174082481050417","error":""},"_links":{"self":[{"href":"https:\/\/www.europesays.com\/ee\/wp-json\/wp\/v2\/posts\/263232","targetHints":{"allow":["GET"]}}],"collection":[{"href":"https:\/\/www.europesays.com\/ee\/wp-json\/wp\/v2\/posts"}],"about":[{"href":"https:\/\/www.europesays.com\/ee\/wp-json\/wp\/v2\/types\/post"}],"author":[{"embeddable":true,"href":"https:\/\/www.europesays.com\/ee\/wp-json\/wp\/v2\/users\/2"}],"replies":[{"embeddable":true,"href":"https:\/\/www.europesays.com\/ee\/wp-json\/wp\/v2\/comments?post=263232"}],"version-history":[{"count":0,"href":"https:\/\/www.europesays.com\/ee\/wp-json\/wp\/v2\/posts\/263232\/revisions"}],"wp:featuredmedia":[{"embeddable":true,"href":"https:\/\/www.europesays.com\/ee\/wp-json\/wp\/v2\/media\/263233"}],"wp:attachment":[{"href":"https:\/\/www.europesays.com\/ee\/wp-json\/wp\/v2\/media?parent=263232"}],"wp:term":[{"taxonomy":"category","embeddable":true,"href":"https:\/\/www.europesays.com\/ee\/wp-json\/wp\/v2\/categories?post=263232"},{"taxonomy":"post_tag","embeddable":true,"href":"https:\/\/www.europesays.com\/ee\/wp-json\/wp\/v2\/tags?post=263232"}],"curies":[{"name":"wp","href":"https:\/\/api.w.org\/{rel}","templated":true}]}}