{"id":263244,"date":"2026-08-28T16:50:13","date_gmt":"2026-08-28T16:50:13","guid":{"rendered":"https:\/\/www.europesays.com\/ee\/263244\/"},"modified":"2026-08-28T16:50:13","modified_gmt":"2026-08-28T16:50:13","slug":"madridi-real-palkas-kahekordse-nba-meistri-jonesi","status":"publish","type":"post","link":"https:\/\/www.europesays.com\/ee\/263244\/","title":{"rendered":"Madridi Real palkas kahekordse NBA meistri Jonesi"},"content":{"rendered":"<p>31-aastane ja 211 cm pikkune Jones on NBA-s pidanud 293 m\u00e4ngu, mille jooksus kogus keskmiselt 14 minutiga 4,9 punkti ja 3,1 lauapalli. <\/p>\n<p>Ta esindas Golden State Warriorsi, Atlanta Hawksi, Sacramento Kingsi, Phoenix Sunsi, Los Angeles Lakersit, Utah Jazzi ja Cleveland Cavaliersi. Koos Golden State\u2019iga v\u00f5itis ta NBA meistritiitli aastatel 2017 ja 2018.<\/p>\n<p>Viimati m\u00e4ngis Jones Bayamon Cowboysi meeskonnas, mille aitas Puerto Rico meistriks. Tema arvele kogunes seal keskmiselt 13 punkti, 5,7 lauapalli, 1,2 resultatiivset s\u00f6\u00f6tu ja 2,5 kulpi m\u00e4ngu kohta.<\/p>\n<p>Kuidas see lugu Sind end tundma pani?Saada<a href=\"https:\/\/sport.delfi.ee\/a\/120606877\/madridi-real-palkas-kahekordse-nba-meistri-jonesi\/kommentaarid\" class=\"button button--primary button--size-auto article-body-bottom__comment article-body-bottom__comment--write\" style=\"\" rel=\"nofollow noopener\" target=\"_blank\">Kommenteeri<\/a><a href=\"https:\/\/sport.delfi.ee\/a\/120606877\/madridi-real-palkas-kahekordse-nba-meistri-jonesi\/kommentaarid\" class=\"button button--size-auto article-body-bottom__comment article-body-bottom__comment--read\" style=\"\" rel=\"nofollow noopener\" target=\"_blank\">Loe kommentaare <\/a><\/p>\n","protected":false},"excerpt":{"rendered":"31-aastane ja 211 cm pikkune Jones on NBA-s pidanud 293 m\u00e4ngu, mille jooksus kogus keskmiselt 14 minutiga 4,9&hellip;\n","protected":false},"author":2,"featured_media":263245,"comment_status":"","ping_status":"","sticky":false,"template":"","format":"standard","meta":{"footnotes":"","_share_on_mastodon":"0"},"categories":[18],"tags":[37,33,35,34,36,5263,3196,4391,159,158],"class_list":["post-263244","post","type-post","status-publish","format-standard","has-post-thumbnail","category-sport","tag-ee","tag-eesti","tag-eesti-keel","tag-estonia","tag-estonian","tag-euroliiga","tag-madridi-real","tag-nba","tag-sport","tag-sports"],"share_on_mastodon":{"url":"https:\/\/pubeurope.com\/@ee\/117174168573367558","error":""},"_links":{"self":[{"href":"https:\/\/www.europesays.com\/ee\/wp-json\/wp\/v2\/posts\/263244","targetHints":{"allow":["GET"]}}],"collection":[{"href":"https:\/\/www.europesays.com\/ee\/wp-json\/wp\/v2\/posts"}],"about":[{"href":"https:\/\/www.europesays.com\/ee\/wp-json\/wp\/v2\/types\/post"}],"author":[{"embeddable":true,"href":"https:\/\/www.europesays.com\/ee\/wp-json\/wp\/v2\/users\/2"}],"replies":[{"embeddable":true,"href":"https:\/\/www.europesays.com\/ee\/wp-json\/wp\/v2\/comments?post=263244"}],"version-history":[{"count":0,"href":"https:\/\/www.europesays.com\/ee\/wp-json\/wp\/v2\/posts\/263244\/revisions"}],"wp:featuredmedia":[{"embeddable":true,"href":"https:\/\/www.europesays.com\/ee\/wp-json\/wp\/v2\/media\/263245"}],"wp:attachment":[{"href":"https:\/\/www.europesays.com\/ee\/wp-json\/wp\/v2\/media?parent=263244"}],"wp:term":[{"taxonomy":"category","embeddable":true,"href":"https:\/\/www.europesays.com\/ee\/wp-json\/wp\/v2\/categories?post=263244"},{"taxonomy":"post_tag","embeddable":true,"href":"https:\/\/www.europesays.com\/ee\/wp-json\/wp\/v2\/tags?post=263244"}],"curies":[{"name":"wp","href":"https:\/\/api.w.org\/{rel}","templated":true}]}}