{"id":263264,"date":"2026-08-28T17:34:09","date_gmt":"2026-08-28T17:34:09","guid":{"rendered":"https:\/\/www.europesays.com\/ee\/263264\/"},"modified":"2026-08-28T17:34:09","modified_gmt":"2026-08-28T17:34:09","slug":"werderi-esinumbriks-kinnitatud-hein-pakatab-enesekindlusest-laheme-avamangust-voidupunkte-votma","status":"publish","type":"post","link":"https:\/\/www.europesays.com\/ee\/263264\/","title":{"rendered":"Werderi esinumbriks kinnitatud Hein pakatab enesekindlusest: l\u00e4heme avam\u00e4ngust v\u00f5idupunkte v\u00f5tma"},"content":{"rendered":"<p>Werderi peatreener Daniel Thioune on juba kinnitanud, et kui 24-aastane Hein on terve, alustab ta p\u00fchap\u00e4evases hooaja avam\u00e4ngus Freiburgi vastu algkoosseisus.<\/p>\n<p>K\u00fcsimusele, kui eleveil ta hooaja alguse puhul on, vastas Hein: \u201eSee elevus, mida enne liigahooaja algust tunned, on alati midagi erilist. Eriti kui n\u00e4ed, et teised liigad on juba alustanud ja f\u00e4nnid on k\u00f5ik j\u00e4rjekorras, et m\u00e4nge vaadata. Seda on tore n\u00e4ha ja see lisab p\u00fchap\u00e4evase m\u00e4ngu eel elevust juurde.\u201c<\/p>\n<p>Werderi hooajaeelset ettevalmistust hindab eestlane heaks. Ta usub, et meeskond on avam\u00e4nguks t\u00e4iesti valmis. <\/p>\n<p>\u201eTegime suvel m\u00f5lema treeninglaagri ajal \u00e4\u00e4rmiselt k\u00f5vasti t\u00f6\u00f6d. Minu jaoks oli isiklikult oluline taas m\u00e4nguaega saada, eriti p\u00e4rast eelmise hooaja l\u00f5pus saadud vigastust. Sain seda teha juunis Eesti eest m\u00e4ngides ja mitmes s\u00f5prusm\u00e4ngus Werderiga. Loodan, et see on p\u00fchap\u00e4eval n\u00e4ha ja et suudame oma liigahooaega tugeva tulemusega alustada.\u201c<\/p>\n<p>\u00dchtlasi kiitis Hein v\u00e4ga head meeskonnasisest \u00f5hkkonda, mis laieneb ka v\u00e4ravavahtidele.<\/p>\n<p>\u201eKuigi me v\u00f5istleme omavahel, siis me ka toetame \u00fcksteist. Samasugune \u00f5hkkond oli ka varem, kui Mio [Backhaus] oli siin.\u201c <\/p>\n<p>Hein ootab Freiburgiga m\u00e4ngu p\u00f5nevusega ka seet\u00f5ttu, et vastasmeeskonna esiv\u00e4ravavahiks on just mullune Werderi esinumber Mio Backhaus.<\/p>\n<p>\u201eMul on tema \u00fcle lihtsalt \u00fclimalt hea meel ja et saame varsti j\u00e4lle \u00fcksteist n\u00e4ha. Minu fookus on muidugi iseendal ja meie sooritusel. Oluline on alustada hooaega kolme punktiga ja teha tugev tulemus. Aga see [kohtumine] on kindlasti midagi erilist meie m\u00f5lema jaoks,\u201c lausus Hein.<\/p>\n<p>\u00dchtlasi avaldas eestlane lootust, et annab poole aasta p\u00e4rast intervjuu juba saksa keeles.<\/p>\n<p>\u201eMind lihtsalt huvitab v\u00e4ga uute kultuuride ja keelte \u00f5ppimine ning mulle meeldib, kui saan kohalikus keeles r\u00e4\u00e4kida, kus iganes ma ka ei viibiks. See on minu jaoks oluline. Seep\u00e4rast \u00f5pin praegu saksa keelt ja loodan, et saame kuue kuu p\u00e4rast teha uue intervjuu juba saksa keeles.\u201c<\/p>\n<p>Kuidas see lugu Sind end tundma pani?Saada<a href=\"https:\/\/sport.delfi.ee\/artikkel\/120606891\/werderi-esinumbriks-kinnitatud-hein-laheme-avamangust-voidupunkte-votma\/kommentaarid\" class=\"button button--primary button--size-auto article-body-bottom__comment article-body-bottom__comment--write\" style=\"\" rel=\"nofollow noopener\" target=\"_blank\">Kommenteeri<\/a><a href=\"https:\/\/sport.delfi.ee\/artikkel\/120606891\/werderi-esinumbriks-kinnitatud-hein-laheme-avamangust-voidupunkte-votma\/kommentaarid\" class=\"button button--size-auto article-body-bottom__comment article-body-bottom__comment--read\" style=\"\" rel=\"nofollow noopener\" target=\"_blank\">Loe kommentaare (1)<\/a><\/p>\n","protected":false},"excerpt":{"rendered":"Werderi peatreener Daniel Thioune on juba kinnitanud, et kui 24-aastane Hein on terve, alustab ta p\u00fchap\u00e4evases hooaja avam\u00e4ngus&hellip;\n","protected":false},"author":2,"featured_media":263265,"comment_status":"","ping_status":"","sticky":false,"template":"","format":"standard","meta":{"footnotes":"","_share_on_mastodon":"0"},"categories":[18],"tags":[526,37,33,35,34,36,172,536,159,158],"class_list":["post-263264","post","type-post","status-publish","format-standard","has-post-thumbnail","category-sport","tag-bremeni-werder","tag-ee","tag-eesti","tag-eesti-keel","tag-estonia","tag-estonian","tag-jalgpall","tag-karl-jakob-hein","tag-sport","tag-sports"],"share_on_mastodon":{"url":"https:\/\/pubeurope.com\/@ee\/117174341597777480","error":""},"_links":{"self":[{"href":"https:\/\/www.europesays.com\/ee\/wp-json\/wp\/v2\/posts\/263264","targetHints":{"allow":["GET"]}}],"collection":[{"href":"https:\/\/www.europesays.com\/ee\/wp-json\/wp\/v2\/posts"}],"about":[{"href":"https:\/\/www.europesays.com\/ee\/wp-json\/wp\/v2\/types\/post"}],"author":[{"embeddable":true,"href":"https:\/\/www.europesays.com\/ee\/wp-json\/wp\/v2\/users\/2"}],"replies":[{"embeddable":true,"href":"https:\/\/www.europesays.com\/ee\/wp-json\/wp\/v2\/comments?post=263264"}],"version-history":[{"count":0,"href":"https:\/\/www.europesays.com\/ee\/wp-json\/wp\/v2\/posts\/263264\/revisions"}],"wp:featuredmedia":[{"embeddable":true,"href":"https:\/\/www.europesays.com\/ee\/wp-json\/wp\/v2\/media\/263265"}],"wp:attachment":[{"href":"https:\/\/www.europesays.com\/ee\/wp-json\/wp\/v2\/media?parent=263264"}],"wp:term":[{"taxonomy":"category","embeddable":true,"href":"https:\/\/www.europesays.com\/ee\/wp-json\/wp\/v2\/categories?post=263264"},{"taxonomy":"post_tag","embeddable":true,"href":"https:\/\/www.europesays.com\/ee\/wp-json\/wp\/v2\/tags?post=263264"}],"curies":[{"name":"wp","href":"https:\/\/api.w.org\/{rel}","templated":true}]}}