{"id":263266,"date":"2026-08-28T17:38:12","date_gmt":"2026-08-28T17:38:12","guid":{"rendered":"https:\/\/www.europesays.com\/ee\/263266\/"},"modified":"2026-08-28T17:38:12","modified_gmt":"2026-08-28T17:38:12","slug":"vargad-varastasid-viini-muuseumist-hinnalise-kuningliku-kaelakee-valismaa","status":"publish","type":"post","link":"https:\/\/www.europesays.com\/ee\/263266\/","title":{"rendered":"Vargad varastasid Viini muuseumist hinnalise kuningliku kaelakee | V\u00e4lismaa"},"content":{"rendered":"<p>Viimastel aastatel on Euroopa muuseumides sagenenud v\u00e4\u00e4rtuslike kunstiteoste ja ehete r\u00f6\u00f6vid ning Viinis asuvast tarbekunstimuuseumist MAK varastati hiljuti umbes 3,5 miljoni euro v\u00e4\u00e4rtuses ajalooline teemantkaelakee, mis valmistati 1939. aastal Egiptuse kuninga Fuadi abikaasa Nazli Sabri jaoks.<\/p>\n<p>Kaelakeed kaunistab 673 teemanti ning selle kujundus meenutab p\u00e4ikesekiirte mustrit. Ehe kuulus Pariisi juveelimaja Van Cleef &amp; Arpels n\u00e4itusele.<\/p>\n<p>Nazli Sabri kandis seda kaelakeed oma t\u00fctre pulmas. Viimane abiellus Iraani kroonprintsi Mohammad Reza Pahlaviga, kellest sai hiljem Iraani viimane \u0161ahh.\u00a0<\/p>\n<p>1936. aastal sai Nazli Sabri valitseva monarhi emaks, kui tema abikaasa surma j\u00e4rel t\u00f5usis troonile nende poeg Farouk. Hiljem l\u00e4ks ta oma pojaga t\u00fclli, loobus kuninglikust tiitlist ja kolis l\u00f5puks \u00dchendriikidesse.<\/p>\n<p>Kaelakee j\u00f5udis aastak\u00fcmneid hiljem erak\u00e4tesse ning m\u00fc\u00fcdi 2015. aastal New Yorgis Sotheby&#8217;s oksjonil 4,3 miljoni dollari eest. Seej\u00e4rel j\u00f5udis ehe taas avalikkuse ette Van Cleef &amp; Arpelsi n\u00e4itusel MAK-is.<\/p>\n<p>Neljap\u00e4eva p\u00e4rastl\u00f5unal purustasid aga kaks meest haamriga ehte vitriini, haarasid kaelakee ja p\u00f5genesid. Viini politsei teatas, et neil puuduvad andmed varaste v\u00f5imaliku asukoha kohta, kuid k\u00e4imas on ulatuslik otsinguoperatsioon, millesse on kaasatud ka politseikoerad.<\/p>\n<p>Vargus leidis aset ajal, mil Euroopa muuseumides on sagenenud v\u00e4\u00e4rtuslike kunstiteoste ja ehete vargused. P\u00e4rast vargust suleti ajutiselt MAK-i n\u00e4itus.<\/p>\n","protected":false},"excerpt":{"rendered":"Viimastel aastatel on Euroopa muuseumides sagenenud v\u00e4\u00e4rtuslike kunstiteoste ja ehete r\u00f6\u00f6vid ning Viinis asuvast tarbekunstimuuseumist MAK varastati hiljuti&hellip;\n","protected":false},"author":2,"featured_media":263267,"comment_status":"","ping_status":"","sticky":false,"template":"","format":"standard","meta":{"footnotes":"","_share_on_mastodon":"0"},"categories":[5],"tags":[26,27,37,33,35,3870,34,36,31,32,21,28,29,2009,19,25,23,24,22,20,4953,30,1401],"class_list":["post-263266","post","type-post","status-publish","format-standard","has-post-thumbnail","category-uldised-uudised","tag-breaking-news","tag-breakingnews","tag-ee","tag-eesti","tag-eesti-keel","tag-egiptus","tag-estonia","tag-estonian","tag-featured-news","tag-featurednews","tag-headlines","tag-latest-news","tag-latestnews","tag-muuseum","tag-news","tag-populaarseimad-lood","tag-top-stories","tag-topstories","tag-uldised-uudised","tag-uudised","tag-vargus","tag-viimased-uudised","tag-viin"],"share_on_mastodon":{"url":"https:\/\/pubeurope.com\/@ee\/117174357415529619","error":""},"_links":{"self":[{"href":"https:\/\/www.europesays.com\/ee\/wp-json\/wp\/v2\/posts\/263266","targetHints":{"allow":["GET"]}}],"collection":[{"href":"https:\/\/www.europesays.com\/ee\/wp-json\/wp\/v2\/posts"}],"about":[{"href":"https:\/\/www.europesays.com\/ee\/wp-json\/wp\/v2\/types\/post"}],"author":[{"embeddable":true,"href":"https:\/\/www.europesays.com\/ee\/wp-json\/wp\/v2\/users\/2"}],"replies":[{"embeddable":true,"href":"https:\/\/www.europesays.com\/ee\/wp-json\/wp\/v2\/comments?post=263266"}],"version-history":[{"count":0,"href":"https:\/\/www.europesays.com\/ee\/wp-json\/wp\/v2\/posts\/263266\/revisions"}],"wp:featuredmedia":[{"embeddable":true,"href":"https:\/\/www.europesays.com\/ee\/wp-json\/wp\/v2\/media\/263267"}],"wp:attachment":[{"href":"https:\/\/www.europesays.com\/ee\/wp-json\/wp\/v2\/media?parent=263266"}],"wp:term":[{"taxonomy":"category","embeddable":true,"href":"https:\/\/www.europesays.com\/ee\/wp-json\/wp\/v2\/categories?post=263266"},{"taxonomy":"post_tag","embeddable":true,"href":"https:\/\/www.europesays.com\/ee\/wp-json\/wp\/v2\/tags?post=263266"}],"curies":[{"name":"wp","href":"https:\/\/api.w.org\/{rel}","templated":true}]}}