{"id":263270,"date":"2026-08-28T17:47:12","date_gmt":"2026-08-28T17:47:12","guid":{"rendered":"https:\/\/www.europesays.com\/ee\/263270\/"},"modified":"2026-08-28T17:47:12","modified_gmt":"2026-08-28T17:47:12","slug":"dokumendid-naitavad-et-kennedy-valetas-vaktsiinidega-seotud-samoa-reisi-eesmarkide-kohta","status":"publish","type":"post","link":"https:\/\/www.europesays.com\/ee\/263270\/","title":{"rendered":"Dokumendid n\u00e4itavad, et Kennedy valetas vaktsiinidega seotud Samoa-reisi eesm\u00e4rkide kohta"},"content":{"rendered":"<p><img decoding=\"async\" src=\"https:\/\/www.europesays.com\/ee\/wp-content\/uploads\/2026\/08\/96992c59-4287-4ff8-a9af-cd2f514484c7.jpg\" loading=\"lazy\" alt=\"Ameerika \u00dchendriikide tervishoiu- ja sotsiaalminister Robert F. Kennedy jr v\u00f5ttis 10. augustil Valge Maja ovaalkabinetis s\u00f5na enne seda, kui president Donald J. Trump allkirjastas korralduse, mis hindab \u00fcmber laste vaktsineerimise tingimusi. \"\/><\/p>\n<p>Ameerika \u00dchendriikide tervishoiu- ja sotsiaalminister Robert F. Kennedy jr v\u00f5ttis 10. augustil Valge Maja ovaalkabinetis s\u00f5na enne seda, kui president Donald J. Trump allkirjastas korralduse, mis hindab \u00fcmber laste vaktsineerimise tingimusi. <\/p>\n<p>FOTO: Bonnie Cash &#8211; Pool via CNP| picture alliance \/ Consolidated News Photos<\/p>\n<p>Uued dokumendid seavad kahtluse alla USA terviseministri Robert F. Kennedy jr mullu kongressis antud \u00fctlused, et tema 2019. aasta <a rel=\"noopener nofollow\" target=\"_blank\" href=\"https:\/\/www.delfi.ee\/teema\/25583749\/samoa\" tag-id=\"25583749\">Samoa<\/a>-visiit ei olnud <a rel=\"noopener nofollow\" target=\"_blank\" href=\"https:\/\/www.delfi.ee\/teema\/96860412\/vaktsiinid-1\" tag-id=\"96860412\">vaktsiinidega<\/a> seotud, vahendas <a rel=\"dofollow noopener\" target=\"_blank\" href=\"https:\/\/edition.cnn.com\/2026\/08\/27\/health\/rfk-vaccines-samoa-letters\" data-rel-date-range=\"[]\">CNN<\/a>.<\/p>\n","protected":false},"excerpt":{"rendered":"Ameerika \u00dchendriikide tervishoiu- ja sotsiaalminister Robert F. Kennedy jr v\u00f5ttis 10. augustil Valge Maja ovaalkabinetis s\u00f5na enne seda,&hellip;\n","protected":false},"author":2,"featured_media":263271,"comment_status":"","ping_status":"","sticky":false,"template":"","format":"standard","meta":{"footnotes":"","_share_on_mastodon":"0"},"categories":[80],"tags":[26,27,37,33,35,35771,34,36,31,32,21,28,29,4568,102010,95,19,25,1893,38370,23,24,22,20,2573,2539,30,92,93,94],"class_list":["post-263270","post","type-post","status-publish","format-standard","has-post-thumbnail","category-maailm","tag-breaking-news","tag-breakingnews","tag-ee","tag-eesti","tag-eesti-keel","tag-epideemia","tag-estonia","tag-estonian","tag-featured-news","tag-featurednews","tag-headlines","tag-latest-news","tag-latestnews","tag-leetrid","tag-leetriepideemina","tag-maailm","tag-news","tag-populaarseimad-lood","tag-robert-f-kennedy-juunior","tag-samoa","tag-top-stories","tag-topstories","tag-uldised-uudised","tag-uudised","tag-vaktsiin","tag-vaktsiinid","tag-viimased-uudised","tag-world","tag-world-news","tag-worldnews"],"share_on_mastodon":{"url":"https:\/\/pubeurope.com\/@ee\/117174393326694568","error":""},"_links":{"self":[{"href":"https:\/\/www.europesays.com\/ee\/wp-json\/wp\/v2\/posts\/263270","targetHints":{"allow":["GET"]}}],"collection":[{"href":"https:\/\/www.europesays.com\/ee\/wp-json\/wp\/v2\/posts"}],"about":[{"href":"https:\/\/www.europesays.com\/ee\/wp-json\/wp\/v2\/types\/post"}],"author":[{"embeddable":true,"href":"https:\/\/www.europesays.com\/ee\/wp-json\/wp\/v2\/users\/2"}],"replies":[{"embeddable":true,"href":"https:\/\/www.europesays.com\/ee\/wp-json\/wp\/v2\/comments?post=263270"}],"version-history":[{"count":0,"href":"https:\/\/www.europesays.com\/ee\/wp-json\/wp\/v2\/posts\/263270\/revisions"}],"wp:featuredmedia":[{"embeddable":true,"href":"https:\/\/www.europesays.com\/ee\/wp-json\/wp\/v2\/media\/263271"}],"wp:attachment":[{"href":"https:\/\/www.europesays.com\/ee\/wp-json\/wp\/v2\/media?parent=263270"}],"wp:term":[{"taxonomy":"category","embeddable":true,"href":"https:\/\/www.europesays.com\/ee\/wp-json\/wp\/v2\/categories?post=263270"},{"taxonomy":"post_tag","embeddable":true,"href":"https:\/\/www.europesays.com\/ee\/wp-json\/wp\/v2\/tags?post=263270"}],"curies":[{"name":"wp","href":"https:\/\/api.w.org\/{rel}","templated":true}]}}