{"id":263278,"date":"2026-08-28T18:07:14","date_gmt":"2026-08-28T18:07:14","guid":{"rendered":"https:\/\/www.europesays.com\/ee\/263278\/"},"modified":"2026-08-28T18:07:14","modified_gmt":"2026-08-28T18:07:14","slug":"werderi-peatreener-kinnitas-et-hein-on-terve-ja-alustab-liigahooaega-esinumbrina-soccernet-ee","status":"publish","type":"post","link":"https:\/\/www.europesays.com\/ee\/263278\/","title":{"rendered":"Werderi peatreener kinnitas, et Hein on terve ja alustab liigahooaega esinumbrina &#8211; Soccernet.ee"},"content":{"rendered":"<p><img decoding=\"async\" src=\"https:\/\/www.europesays.com\/ee\/wp-content\/uploads\/2026\/08\/1787940434_48_1786860780.jpg\" alt=\"Karl Jakob Hein. Foto: Scanpix \/ KFOTO \/ picture alliance \/ nodrphoto GmbH\"\/>&#13;\n<\/p>\n<p>Eesti koondise v\u00e4ravavahi Karl Jakob Heina koduklubi Bremeni Werder alustab p\u00fchap\u00e4eval, 30. augustil Saksamaa k\u00f5rgliiga hooaega, kui kohtutakse v\u00f5\u00f5rsil Freiburgiga. Werderi peatreener\u00a0Daniel Thioune kinnitas, et Hein seisab avavoorus postide vahel.<\/p>\n<p>Hein j\u00e4ttis lihasprobleemi t\u00f5ttu vahele viimase hooajaeelse treeningm\u00e4ngu Auxerre&#8217;i ja 22. augustil toimunud Saksamaa karikav\u00f5istluste avaringi m\u00e4ngu L\u00fcnebergi Hansaga.\u00a0&#8220;Karlil pole enam lihasprobleeme ja ta alustab p\u00fchap\u00e4eval hooaega meie esinumbrina, teades, et [varuv\u00e4ravavaht] Alex Schlager suudab samuti h\u00e4sti m\u00e4ngida,&#8221; lausus peatreener Thioune enne liigahooaja algust.&#13;\n<\/p>\n<p>Lisaks andis 24-aastane Hein Werderi <a href=\"https:\/\/www.werder.de\/en\/news\/first-team\/2026-2027\/karl-hein-interview-28082026\" target=\"https:\/\/www.werder.de\/en\/news\/first-team\/2026-2027\/karl-hein-interview-28082026\" rel=\"nofollow noopener\">kodulehele intervjuu<\/a>, kus r\u00e4\u00e4kis, et ootab uut hooaega p\u00f5nevusega. &#8220;See elevus, mida tunned enne liigahooaja algust, on alati midagi erilist. Eriti kui n\u00e4ed, et teised liigad on juba alustanud ja f\u00e4nnid ootavad j\u00e4rjekorras, et m\u00e4nge vaadata. Seda on tore n\u00e4ha ja see lisab p\u00fchap\u00e4evase m\u00e4ngu eel elevust,&#8221; r\u00e4\u00e4kis Hein.&#13;\n<\/p>\n<p>Hein ei saanud karikam\u00e4ngu, mis v\u00f5ideti L\u00fcnebergi Hansa vastu 3:0, taastusravi t\u00f5ttu staadionilt vaadata. &#8220;Selle asemel vaatasin seda kodust televiisorist. J\u00e4rgmisesse vooru j\u00f5udmine oli meie jaoks oluline, kuna viimastel aastatel on meil sellega probleeme olnud. See andis meile enne Bundesliga esimest n\u00e4dalavahetust positiivset energiat.&#8221;<\/p>\n<p>Hein lisas, et Werderi ettevalmistus uueks hooajaks kulges plaanip\u00e4raselt. &#8220;T\u00f6\u00f6tasime ettevalmistuse ja m\u00f5lema treeninglaagri ajal v\u00e4ga k\u00f5vasti. Minu jaoks isiklikult oli oluline saada taas m\u00e4nguaega, eriti p\u00e4rast eelmise hooaja l\u00f5pus saadud vigastust. Sain m\u00e4ngida juunis Eesti koondise eest ja mitmes treeningm\u00e4ngus Werderi eest. Loodan, et saame p\u00fchap\u00e4eval oma liigahooaega tugeva tulemusega alustada.&#8221;&#13;\n<\/p>\n<p>Tema s\u00f5nul on meeskonnas suurep\u00e4rane \u00f5hkkond. &#8220;Kuigi me v\u00f5istleme omavahel, siis ka toetame \u00fcksteist. Samasugune \u00f5hkkond oli ka varem, kui Mio oli siin. Ootan v\u00e4ga temaga kohtumist,&#8221; viitas Hein sellele, et endine esiv\u00e4ravavaht Mio Backhaus siirdus talvel Werderist Freiburgi. &#8220;Oleme saanud suurep\u00e4rase v\u00e4ravavahi ja inimese Alex Schlageri n\u00e4ol. V\u00e4ga l\u00f5bus on Kiki (Werderi v\u00e4ravavahtide treener &#8211; Christian Vander &#8211; K. I.) ja teiste poistega koos t\u00f6\u00f6tada.&#8221;&#13;\n<\/p>\n<p>Freiburgi ja Werderi kohtumine Saksamaa k\u00f5rgliigas algab 30. augustil Eesti aja j\u00e4rgi kell 16.30.&#13;<\/p>\n","protected":false},"excerpt":{"rendered":"&#13; Eesti koondise v\u00e4ravavahi Karl Jakob Heina koduklubi Bremeni Werder alustab p\u00fchap\u00e4eval, 30. augustil Saksamaa k\u00f5rgliiga hooaega, kui&hellip;\n","protected":false},"author":2,"featured_media":263279,"comment_status":"","ping_status":"","sticky":false,"template":"","format":"standard","meta":{"footnotes":"","_share_on_mastodon":"0"},"categories":[18],"tags":[526,527,96129,37,33,35,34,36,532,536,51,1259,159,158,96130,539],"class_list":["post-263278","post","type-post","status-publish","format-standard","has-post-thumbnail","category-sport","tag-bremeni-werder","tag-bundesliga","tag-daniel-thioune","tag-ee","tag-eesti","tag-eesti-keel","tag-estonia","tag-estonian","tag-hein","tag-karl-jakob-hein","tag-saksamaa","tag-saksamaa-korgliiga","tag-sport","tag-sports","tag-thioune","tag-werder"],"share_on_mastodon":{"url":"https:\/\/pubeurope.com\/@ee\/117174471883398636","error":""},"_links":{"self":[{"href":"https:\/\/www.europesays.com\/ee\/wp-json\/wp\/v2\/posts\/263278","targetHints":{"allow":["GET"]}}],"collection":[{"href":"https:\/\/www.europesays.com\/ee\/wp-json\/wp\/v2\/posts"}],"about":[{"href":"https:\/\/www.europesays.com\/ee\/wp-json\/wp\/v2\/types\/post"}],"author":[{"embeddable":true,"href":"https:\/\/www.europesays.com\/ee\/wp-json\/wp\/v2\/users\/2"}],"replies":[{"embeddable":true,"href":"https:\/\/www.europesays.com\/ee\/wp-json\/wp\/v2\/comments?post=263278"}],"version-history":[{"count":0,"href":"https:\/\/www.europesays.com\/ee\/wp-json\/wp\/v2\/posts\/263278\/revisions"}],"wp:featuredmedia":[{"embeddable":true,"href":"https:\/\/www.europesays.com\/ee\/wp-json\/wp\/v2\/media\/263279"}],"wp:attachment":[{"href":"https:\/\/www.europesays.com\/ee\/wp-json\/wp\/v2\/media?parent=263278"}],"wp:term":[{"taxonomy":"category","embeddable":true,"href":"https:\/\/www.europesays.com\/ee\/wp-json\/wp\/v2\/categories?post=263278"},{"taxonomy":"post_tag","embeddable":true,"href":"https:\/\/www.europesays.com\/ee\/wp-json\/wp\/v2\/tags?post=263278"}],"curies":[{"name":"wp","href":"https:\/\/api.w.org\/{rel}","templated":true}]}}