{"id":263310,"date":"2026-08-28T19:25:31","date_gmt":"2026-08-28T19:25:31","guid":{"rendered":"https:\/\/www.europesays.com\/ee\/263310\/"},"modified":"2026-08-28T19:25:31","modified_gmt":"2026-08-28T19:25:31","slug":"nadalavahetusel-selguvad-haapsalus-kiirendusspordi-eesti-meistrid-autosport","status":"publish","type":"post","link":"https:\/\/www.europesays.com\/ee\/263310\/","title":{"rendered":"N\u00e4dalavahetusel selguvad Haapsalus kiirendusspordi Eesti meistrid | Autosport"},"content":{"rendered":"<p>29.\u201330. augustini toimub Haapsalus Kiltsi s\u00f5jav\u00e4elennuv\u00e4ljal Ghost Performance Finals, kus selguvad 2026. aasta kiirendusspordi Eesti meistriv\u00f5istluste ja karikav\u00f5istluste v\u00f5itjad. Hooaja viimasesse lahingusse l\u00e4hevad Eesti kiireimad autod ja mootorrattad.<\/p>\n<p>T\u00e4navune v\u00f5istlushooaeg on n\u00e4idanud, et Kiltsi rajal on v\u00f5imalik s\u00f5ita v\u00e4ga kiireid aegu. Suur t\u00f6\u00f6 rajaga on end juba t\u00f5estanud ning hooaja jooksul on Kiltsis s\u00fcndinud mitmeid uusi rekordeid. Seet\u00f5ttu on finaalides p\u00f5hjust oodata, et nii m\u00f5nigi senine kiirusrekord v\u00f5ib taas puruneda.<\/p>\n<p>Laup\u00e4eval hommikul kell 10 algavad ajas\u00f5idud, v\u00f5isteldakse kokku 18 klassis. Lisaks on v\u00f5imalik s\u00f5ita RWYB klassis, kus v\u00f5istlusarvestust ei toimu.<\/p>\n<p>P\u00fchap\u00e4eval j\u00e4tkub v\u00f5istlus eliminaatorite ja finaals\u00f5itudega, mille j\u00e4rel toimub 2026. aasta Eesti meistriv\u00f5istluste ja karikav\u00f5istluste v\u00f5itjate autasustamine.<\/p>\n","protected":false},"excerpt":{"rendered":"29.\u201330. augustini toimub Haapsalus Kiltsi s\u00f5jav\u00e4elennuv\u00e4ljal Ghost Performance Finals, kus selguvad 2026. aasta kiirendusspordi Eesti meistriv\u00f5istluste ja karikav\u00f5istluste&hellip;\n","protected":false},"author":2,"featured_media":263311,"comment_status":"","ping_status":"","sticky":false,"template":"","format":"standard","meta":{"footnotes":"","_share_on_mastodon":"0"},"categories":[14],"tags":[131,130,37,33,35,34,36,172,983,1513,2828,159,2826,2827,1442],"class_list":["post-263310","post","type-post","status-publish","format-standard","has-post-thumbnail","category-ari","tag-ari","tag-business","tag-ee","tag-eesti","tag-eesti-keel","tag-estonia","tag-estonian","tag-jalgpall","tag-kergejoustik","tag-korvpall","tag-ralli","tag-sport","tag-talisport","tag-tennis","tag-vorkpall"],"share_on_mastodon":{"url":"https:\/\/pubeurope.com\/@ee\/117174778334825486","error":""},"_links":{"self":[{"href":"https:\/\/www.europesays.com\/ee\/wp-json\/wp\/v2\/posts\/263310","targetHints":{"allow":["GET"]}}],"collection":[{"href":"https:\/\/www.europesays.com\/ee\/wp-json\/wp\/v2\/posts"}],"about":[{"href":"https:\/\/www.europesays.com\/ee\/wp-json\/wp\/v2\/types\/post"}],"author":[{"embeddable":true,"href":"https:\/\/www.europesays.com\/ee\/wp-json\/wp\/v2\/users\/2"}],"replies":[{"embeddable":true,"href":"https:\/\/www.europesays.com\/ee\/wp-json\/wp\/v2\/comments?post=263310"}],"version-history":[{"count":0,"href":"https:\/\/www.europesays.com\/ee\/wp-json\/wp\/v2\/posts\/263310\/revisions"}],"wp:featuredmedia":[{"embeddable":true,"href":"https:\/\/www.europesays.com\/ee\/wp-json\/wp\/v2\/media\/263311"}],"wp:attachment":[{"href":"https:\/\/www.europesays.com\/ee\/wp-json\/wp\/v2\/media?parent=263310"}],"wp:term":[{"taxonomy":"category","embeddable":true,"href":"https:\/\/www.europesays.com\/ee\/wp-json\/wp\/v2\/categories?post=263310"},{"taxonomy":"post_tag","embeddable":true,"href":"https:\/\/www.europesays.com\/ee\/wp-json\/wp\/v2\/tags?post=263310"}],"curies":[{"name":"wp","href":"https:\/\/api.w.org\/{rel}","templated":true}]}}