{"id":263342,"date":"2026-08-28T20:41:14","date_gmt":"2026-08-28T20:41:14","guid":{"rendered":"https:\/\/www.europesays.com\/ee\/263342\/"},"modified":"2026-08-28T20:41:14","modified_gmt":"2026-08-28T20:41:14","slug":"paskotsi-ja-kaidi-klubid-lahevad-konverentsiliigas-vastamisi-jalgpall","status":"publish","type":"post","link":"https:\/\/www.europesays.com\/ee\/263342\/","title":{"rendered":"Paskot\u0161i ja K\u00e4idi klubid l\u00e4hevad Konverentsiliigas vastamisi | Jalgpall"},"content":{"rendered":"<p>Eesti koondislaste Maksim Paskot\u0161i ja Mattias K\u00e4idi koduklubid Gent ning Thun l\u00e4hevad t\u00e4navuse Konverentsiliiga p\u00f5hiturniiril omavahel vastamisi.<\/p>\n<p><a href=\"https:\/\/soccernet.ee\/artikkel\/eesti-duell-euroopas-loos-viis-paskotsi-ja-kaidi-klubid-konverentsiliigas-vastamisi\" target=\"_blank\" rel=\"noopener nofollow\">Soccernet.ee<\/a> kirjutab, et loosimise j\u00e4rel sai K\u00e4idi Thun lisaks Gentile vastasteks Hollandi tippklubid Amsterdami Ajaxi ja Twente, \u0160otimaa Heartsi, Horvaatia Hajduk Spliti ning Bulgaaria CSKA Sofia.<\/p>\n<p>Paskot\u0161i ja Gent peavad lisaks Thunile kohtuma Serbia meistri Crvena zvezda, Portugali klubi Braga, Norra Branni, Soome meistri KuPS-i ja Taani Aarhusiga.<\/p>\n<p>K\u00e4idi ja Paskot\u0161i on Eesti koondises harjunud m\u00e4ngima \u00fches meeskonnas, kuid n\u00fc\u00fcd tuleb neil klubitasandil teineteisele vastu astuda.<\/p>\n<p>Gent j\u00f5udis Konverentsiliiga p\u00f5hiturniirile p\u00e4rast neljap\u00e4eva \u00f5htul \u0160otimaal saavutatud dramaatilist v\u00f5itu Hiberniani \u00fcle, Thun langes sinna aga Euroopa liiga eelringist.<\/p>\n<p>Konverentsiliiga p\u00f5hiturniiri m\u00e4ngudega tehakse algust 15. oktoobril ning t\u00e4pne m\u00e4ngugraafik selgub n\u00e4dala l\u00f5puks.<\/p>\n<p><a href=\"https:\/\/soccernet.ee\/artikkel\/eesti-duell-euroopas-loos-viis-paskotsi-ja-kaidi-klubid-konverentsiliigas-vastamisi\" target=\"_blank\" rel=\"noopener nofollow\">Loe pikemalt portaalist Soccernet.ee.<\/a><\/p>\n","protected":false},"excerpt":{"rendered":"Eesti koondislaste Maksim Paskot\u0161i ja Mattias K\u00e4idi koduklubid Gent ning Thun l\u00e4hevad t\u00e4navuse Konverentsiliiga p\u00f5hiturniiril omavahel vastamisi. Soccernet.ee&hellip;\n","protected":false},"author":2,"featured_media":263343,"comment_status":"","ping_status":"","sticky":false,"template":"","format":"standard","meta":{"footnotes":"","_share_on_mastodon":"0"},"categories":[18],"tags":[37,33,35,34,36,3094,5651,159,158],"class_list":["post-263342","post","type-post","status-publish","format-standard","has-post-thumbnail","category-sport","tag-ee","tag-eesti","tag-eesti-keel","tag-estonia","tag-estonian","tag-maksim-paskotsi","tag-mattias-kait","tag-sport","tag-sports"],"share_on_mastodon":{"url":"https:\/\/pubeurope.com\/@ee\/117175077076135652","error":""},"_links":{"self":[{"href":"https:\/\/www.europesays.com\/ee\/wp-json\/wp\/v2\/posts\/263342","targetHints":{"allow":["GET"]}}],"collection":[{"href":"https:\/\/www.europesays.com\/ee\/wp-json\/wp\/v2\/posts"}],"about":[{"href":"https:\/\/www.europesays.com\/ee\/wp-json\/wp\/v2\/types\/post"}],"author":[{"embeddable":true,"href":"https:\/\/www.europesays.com\/ee\/wp-json\/wp\/v2\/users\/2"}],"replies":[{"embeddable":true,"href":"https:\/\/www.europesays.com\/ee\/wp-json\/wp\/v2\/comments?post=263342"}],"version-history":[{"count":0,"href":"https:\/\/www.europesays.com\/ee\/wp-json\/wp\/v2\/posts\/263342\/revisions"}],"wp:featuredmedia":[{"embeddable":true,"href":"https:\/\/www.europesays.com\/ee\/wp-json\/wp\/v2\/media\/263343"}],"wp:attachment":[{"href":"https:\/\/www.europesays.com\/ee\/wp-json\/wp\/v2\/media?parent=263342"}],"wp:term":[{"taxonomy":"category","embeddable":true,"href":"https:\/\/www.europesays.com\/ee\/wp-json\/wp\/v2\/categories?post=263342"},{"taxonomy":"post_tag","embeddable":true,"href":"https:\/\/www.europesays.com\/ee\/wp-json\/wp\/v2\/tags?post=263342"}],"curies":[{"name":"wp","href":"https:\/\/api.w.org\/{rel}","templated":true}]}}