{"id":263354,"date":"2026-08-28T21:06:09","date_gmt":"2026-08-28T21:06:09","guid":{"rendered":"https:\/\/www.europesays.com\/ee\/263354\/"},"modified":"2026-08-28T21:06:09","modified_gmt":"2026-08-28T21:06:09","slug":"kaitseminister-pevkur-votame-kaitsevae-varade-haldamise-ajutiselt-ule","status":"publish","type":"post","link":"https:\/\/www.europesays.com\/ee\/263354\/","title":{"rendered":"Kaitseminister Pevkur: v\u00f5tame kaitsev\u00e4e varade haldamise ajutiselt \u00fcle"},"content":{"rendered":"<p class=\"\">Pevkur \u00fctles t\u00e4na \u00f5htul \u201eAktuaalsele kaamerale\u201c, et <a rel=\"noopener nofollow\" target=\"_blank\" href=\"https:\/\/www.delfi.ee\/teema\/26155447\/riigikontroll\" tag-id=\"26155447\">riigikontrolli<\/a> auditist            ilmnenud probleemide lahendamiseks on juba tehtud mitu sammu. N\u00e4iteks on palgatud eraldi inventeerimismeeskond, muudetud raamatupidamise sise-eeskirju ning antud korraldus teha t\u00e4isinventuur.<\/p>\n<p class=\"\">Pevkuri s\u00f5nul on kaitsev\u00e4el olemas k\u00f5ik riigikaitseks vajalikud varud ning k\u00fcsimus ei ole                     nende puudumises, vaid nende korrektses arvestamises. \u201eMe teame v\u00e4ga t\u00e4pselt, mitu haubitsat meil on, mitu m\u00fcrsku      meil on, me teame laoseisu,\u201c \u00fctles ta. Ministri s\u00f5nul puudutab riigikontrolli kriitika eelk\u00f5ige                                    seda, kuidas vara ja varude v\u00e4\u00e4rtust raamatupidamises kajastatakse ning kas inventuur on tehtud n\u00f5uetekohaselt.<\/p>\n<p><a href=\"http:\/\/www.delfi.ee\/artikkel\/120606702\/riigikontroll-jatkuv-segadus-kaitseministeeriumi-vastutusalas-kasvatab-riigi-vara-kuritarvitamise-riski#dalrel-in-article\" class=\"content-embedded-articles-single__embedded-article\" data-v-6f4d311d=\"\" rel=\"nofollow noopener\" target=\"_blank\"><\/p>\n<p>28.08.2026<\/p>\n<p>Riigikontroll: j\u00e4tkuv segadus kaitseministeeriumi vastutusalas kasvatab riigi vara kuritarvitamise riski(231)<\/p>\n<p><\/a><\/p>\n<p class=\"\">Kaitseminister m\u00f6\u00f6nis, et kaitsev\u00e4e suurusest hoolimata peavad varade arvestus ja <a rel=\"noopener nofollow\" target=\"_blank\" href=\"https:\/\/www.delfi.ee\/teema\/96860756\/inventuur-1\" tag-id=\"96860756\">inventuur<\/a> olema korras.<\/p>\n<p class=\"\">Riigikontrolli soovitust v\u00f5tta tegevus ajutiselt kaitseministeeriumi alla peab Pevkur \u00f5igeks. \u201eMe v\u00f5tame selle kaitseministeeriumisse, teeme                              ise asjad korda ja siis anname kaitsev\u00e4ele tagasi,\u201c \u00fctles ta.<\/p>\n<p>Tema s\u00f5nul on eeskujuks teiste ministeeriumide kogemus.         N\u00e4iteks v\u00f5ttis haridus- ja teadusministeerium varem Harno finantsjuhtimise ajutiselt \u00fcle, korrastas selle ning andis asutusele tagasi.                   Pevkuri hinnangul v\u00f5iks sama protsess kaitsev\u00e4es v\u00f5tta pool aastat kuni aasta.<\/p>\n<p>K\u00fcsimusele v\u00f5imaliku vastutuse kohta \u00fctles Pevkur, et lisaks inventuurile uuritakse ka siseauditi ja <a rel=\"noopener nofollow\" target=\"_blank\" href=\"https:\/\/www.delfi.ee\/teema\/96939180\/sisekontroll\" tag-id=\"96939180\">sisekontrolli<\/a> abil, kas keegi on oma t\u00f6\u00f6 tegemata j\u00e4tnud.    \u201eMeie asi on tagada Eesti rahvale kindlus, et k\u00f5ik, mis peab Eestil olema Eesti riigi kaitsmiseks, on ka olemas,\u201c \u00fctles minister.<\/p>\n<p class=\"\">Pevkur ei v\u00e4listanud ka oma                                                ametist lahkumist, kui tal kaob peaministri v\u00f5i riigikogu usaldus. \u201eKui parlament otsustab, et sa sellele                                           kohale enam ei sobi, siis tuleb selle koha pealt \u00e4ra minna,\u201c m\u00e4rkis ta.<\/p>\n<p><a href=\"http:\/\/www.delfi.ee\/artikkel\/120606765\/videod-kaitseminister-kas-astute-tagasi-pevkur-raha-voolab-peale-eksimusi-voib-ikka-tulla#dalrel-in-article\" class=\"content-embedded-articles-double__embedded-article\" data-v-a517420a=\"\" rel=\"nofollow noopener\" target=\"_blank\"><\/p>\n<p>28.08.2026<\/p>\n<p>VIDEOD | Kaitseminister, kas astute tagasi? Pevkur: raha voolab peale, eksimusi v\u00f5ib ikka tulla(427)<\/p>\n<p><\/a><a href=\"http:\/\/www.delfi.ee\/artikkel\/120606846\/videod-kaitseministeeriumi-kantsler-kaimo-kuusk-riigikontrolli-auditist-ma-juba-votsin-vastutuse#dalrel-in-article\" class=\"content-embedded-articles-double__embedded-article\" data-v-a517420a=\"\" rel=\"nofollow noopener\" target=\"_blank\"><\/p>\n<p>28.08.2026<\/p>\n<p>VIDEOD | Kaitseministeeriumi kantsler Kaimo Kuusk riigikontrolli auditist: ma juba v\u00f5tsin vastutuse(177)<\/p>\n<p><\/a>Kuidas see lugu Sind end tundma pani?Saada<a href=\"https:\/\/www.delfi.ee\/artikkel\/120606904\/kaitseminister-pevkur-votame-kaitsevae-varade-haldamise-ajutiselt-ule\/kommentaarid\" class=\"button button--primary button--size-auto article-body-bottom__comment article-body-bottom__comment--write\" style=\"\" rel=\"nofollow noopener\" target=\"_blank\">Kommenteeri<\/a><a href=\"https:\/\/www.delfi.ee\/artikkel\/120606904\/kaitseminister-pevkur-votame-kaitsevae-varade-haldamise-ajutiselt-ule\/kommentaarid\" class=\"button button--size-auto article-body-bottom__comment article-body-bottom__comment--read\" style=\"\" rel=\"nofollow noopener\" target=\"_blank\">Loe kommentaare (63)<\/a><\/p>\n","protected":false},"excerpt":{"rendered":"Pevkur \u00fctles t\u00e4na \u00f5htul \u201eAktuaalsele kaamerale\u201c, et riigikontrolli auditist ilmnenud probleemide lahendamiseks on juba tehtud mitu sammu. N\u00e4iteks&hellip;\n","protected":false},"author":2,"featured_media":263355,"comment_status":"","ping_status":"","sticky":false,"template":"","format":"standard","meta":{"footnotes":"","_share_on_mastodon":"0"},"categories":[12],"tags":[26,27,37,33,35,34,36,31,32,492,21,54289,1152,2645,28,29,19,25,8012,17088,23,24,22,20,30],"class_list":["post-263354","post","type-post","status-publish","format-standard","has-post-thumbnail","category-eesti","tag-breaking-news","tag-breakingnews","tag-ee","tag-eesti","tag-eesti-keel","tag-estonia","tag-estonian","tag-featured-news","tag-featurednews","tag-hanno-pevkur","tag-headlines","tag-inventuur","tag-kaitseministeerium","tag-kaitsevagi","tag-latest-news","tag-latestnews","tag-news","tag-populaarseimad-lood","tag-riigikontroll","tag-sisekontroll","tag-top-stories","tag-topstories","tag-uldised-uudised","tag-uudised","tag-viimased-uudised"],"share_on_mastodon":{"url":"https:\/\/pubeurope.com\/@ee\/117175175316502919","error":""},"_links":{"self":[{"href":"https:\/\/www.europesays.com\/ee\/wp-json\/wp\/v2\/posts\/263354","targetHints":{"allow":["GET"]}}],"collection":[{"href":"https:\/\/www.europesays.com\/ee\/wp-json\/wp\/v2\/posts"}],"about":[{"href":"https:\/\/www.europesays.com\/ee\/wp-json\/wp\/v2\/types\/post"}],"author":[{"embeddable":true,"href":"https:\/\/www.europesays.com\/ee\/wp-json\/wp\/v2\/users\/2"}],"replies":[{"embeddable":true,"href":"https:\/\/www.europesays.com\/ee\/wp-json\/wp\/v2\/comments?post=263354"}],"version-history":[{"count":0,"href":"https:\/\/www.europesays.com\/ee\/wp-json\/wp\/v2\/posts\/263354\/revisions"}],"wp:featuredmedia":[{"embeddable":true,"href":"https:\/\/www.europesays.com\/ee\/wp-json\/wp\/v2\/media\/263355"}],"wp:attachment":[{"href":"https:\/\/www.europesays.com\/ee\/wp-json\/wp\/v2\/media?parent=263354"}],"wp:term":[{"taxonomy":"category","embeddable":true,"href":"https:\/\/www.europesays.com\/ee\/wp-json\/wp\/v2\/categories?post=263354"},{"taxonomy":"post_tag","embeddable":true,"href":"https:\/\/www.europesays.com\/ee\/wp-json\/wp\/v2\/tags?post=263354"}],"curies":[{"name":"wp","href":"https:\/\/api.w.org\/{rel}","templated":true}]}}