{"id":263358,"date":"2026-08-28T21:15:11","date_gmt":"2026-08-28T21:15:11","guid":{"rendered":"https:\/\/www.europesays.com\/ee\/263358\/"},"modified":"2026-08-28T21:15:11","modified_gmt":"2026-08-28T21:15:11","slug":"prantsusmaa-soovib-rootsiga-arendada-jargmise-polvkonna-havituslennukit-valismaa","status":"publish","type":"post","link":"https:\/\/www.europesays.com\/ee\/263358\/","title":{"rendered":"Prantsusmaa soovib Rootsiga arendada j\u00e4rgmise p\u00f5lvkonna h\u00e4vituslennukit | V\u00e4lismaa"},"content":{"rendered":"<p>Prantsusmaa on valmis tegema Rootsiga koost\u00f6\u00f6d uue p\u00f5lvkonna h\u00e4vituslennuki v\u00e4ljat\u00f6\u00f6tamisel, \u00fctles reedel \u00c9lys\u00e9e palee ametnik.<\/p>\n<p>&#8220;Otsime m\u00f5lemad \u00fcsna sarnaseid ja k\u00fcllaltki v\u00e4ikeseid lennukeid,&#8221; s\u00f5nas Prantsuse ametnik enne president Emmanuel Macroni esmasp\u00e4evast visiiti Rootsi.<\/p>\n<p>Ametniku s\u00f5nul leiduks mitmeid koost\u00f6\u00f6v\u00f5imalusi. &#8220;Meil \u200b\u200bon olemas lennukimootorite tootmisv\u00f5imekus, mida Rootsil ei ole, see on valdkond, kus saaksime koost\u00f6\u00f6d teha,&#8221; lisas ametnik.\u00a0<\/p>\n<p>Prantsusmaa huvi Rootsi vastu on suurenenud p\u00e4rast Prantsusmaa, Saksamaa ja Hispaania \u00fchise j\u00e4rgmise p\u00f5lvkonna h\u00e4vituslennuki programmi FCAS kokkuvarisemist. Projekt venis aastaid Prantsusmaa Dassault Aviationi ja Saksamaa Airbusi erimeelsuste t\u00f5ttu ning kukkus l\u00f5plikult kokku m\u00f6\u00f6dunud kevadel.<\/p>\n<p>Pariis ja Berliin on n\u00fc\u00fcd m\u00f5lemad p\u00f6\u00f6rdunud Stockholmi poole ning loodavad kaasata Rootsi oma tulevasse h\u00e4vituslennukiprogrammi.<\/p>\n<p>Rootsi kontsern Saab toodab ise neljanda p\u00f5lvkonna h\u00e4vitajat Gripen. H\u00e4vitaja mootoris kasutatakse aga USA ettev\u00f5tte GE Aerospace&#8217;i tehnoloogiat. Prantsuse h\u00e4vitaja Rafale mootoreid toodab aga kohalik ettev\u00f5te Safran.<\/p>\n<p>Rootsi peaks oma j\u00e4rgmise p\u00f5lvkonna h\u00e4vituslennuki programmi edasise suuna otsustama 2027. aasta septembriks.<\/p>\n","protected":false},"excerpt":{"rendered":"Prantsusmaa on valmis tegema Rootsiga koost\u00f6\u00f6d uue p\u00f5lvkonna h\u00e4vituslennuki v\u00e4ljat\u00f6\u00f6tamisel, \u00fctles reedel \u00c9lys\u00e9e palee ametnik. &#8220;Otsime m\u00f5lemad \u00fcsna&hellip;\n","protected":false},"author":2,"featured_media":263359,"comment_status":"","ping_status":"","sticky":false,"template":"","format":"standard","meta":{"footnotes":"","_share_on_mastodon":"0"},"categories":[14],"tags":[131,130,37,33,35,34,36,13892,53,52,66820,889],"class_list":["post-263358","post","type-post","status-publish","format-standard","has-post-thumbnail","category-ari","tag-ari","tag-business","tag-ee","tag-eesti","tag-eesti-keel","tag-estonia","tag-estonian","tag-gripen","tag-havituslennuk","tag-prantsusmaa","tag-rafale","tag-rootsi"],"share_on_mastodon":{"url":"https:\/\/pubeurope.com\/@ee\/117175210794888199","error":""},"_links":{"self":[{"href":"https:\/\/www.europesays.com\/ee\/wp-json\/wp\/v2\/posts\/263358","targetHints":{"allow":["GET"]}}],"collection":[{"href":"https:\/\/www.europesays.com\/ee\/wp-json\/wp\/v2\/posts"}],"about":[{"href":"https:\/\/www.europesays.com\/ee\/wp-json\/wp\/v2\/types\/post"}],"author":[{"embeddable":true,"href":"https:\/\/www.europesays.com\/ee\/wp-json\/wp\/v2\/users\/2"}],"replies":[{"embeddable":true,"href":"https:\/\/www.europesays.com\/ee\/wp-json\/wp\/v2\/comments?post=263358"}],"version-history":[{"count":0,"href":"https:\/\/www.europesays.com\/ee\/wp-json\/wp\/v2\/posts\/263358\/revisions"}],"wp:featuredmedia":[{"embeddable":true,"href":"https:\/\/www.europesays.com\/ee\/wp-json\/wp\/v2\/media\/263359"}],"wp:attachment":[{"href":"https:\/\/www.europesays.com\/ee\/wp-json\/wp\/v2\/media?parent=263358"}],"wp:term":[{"taxonomy":"category","embeddable":true,"href":"https:\/\/www.europesays.com\/ee\/wp-json\/wp\/v2\/categories?post=263358"},{"taxonomy":"post_tag","embeddable":true,"href":"https:\/\/www.europesays.com\/ee\/wp-json\/wp\/v2\/tags?post=263358"}],"curies":[{"name":"wp","href":"https:\/\/api.w.org\/{rel}","templated":true}]}}