{"id":263384,"date":"2026-08-29T00:49:47","date_gmt":"2026-08-29T00:49:47","guid":{"rendered":"https:\/\/www.europesays.com\/ee\/263384\/"},"modified":"2026-08-29T00:49:47","modified_gmt":"2026-08-29T00:49:47","slug":"kaamerata-fotograafia-%e2%9f%a9-kunstnike-maja-stuudios-ja-aias-sunnivad-maailma-koige-aeglasemad-fotod","status":"publish","type":"post","link":"https:\/\/www.europesays.com\/ee\/263384\/","title":{"rendered":"KAAMERATA FOTOGRAAFIA \u27e9 Kunstnike maja stuudios ja aias s\u00fcnnivad maailma k\u00f5ige aeglasemad fotod"},"content":{"rendered":"<p>Soome fotokunstnik Joonas Ahtikallio on P\u00e4rnus residentuuris, et portreteerida kohalikke inimesi kaamerata analoogfotograafia abil. Sama maja aias valmistab oma n\u00e4itust \u00abMikrogenees\u00bb ette P\u00e4rnu kunstnik Janno Bergmann, kasutades p\u00e4ikesevalgust, taimi ja lahuseid. M\u00f5lema kunstniku t\u00f6\u00f6d s\u00fcnnivad aeglaselt, ettearvamatult ja justkui keemiakatseid tehes.<\/p>\n","protected":false},"excerpt":{"rendered":"Soome fotokunstnik Joonas Ahtikallio on P\u00e4rnus residentuuris, et portreteerida kohalikke inimesi kaamerata analoogfotograafia abil. Sama maja aias valmistab&hellip;\n","protected":false},"author":2,"featured_media":263385,"comment_status":"","ping_status":"","sticky":false,"template":"","format":"standard","meta":{"footnotes":"","_share_on_mastodon":"0"},"categories":[5],"tags":[346,345,342,26,27,37,33,35,34,36,31,32,21,344,360,343,339,28,29,349,19,341,354,357,351,352,355,356,348,336,350,337,353,25,159,338,340,347,23,24,358,22,359,20,30],"class_list":["post-263384","post","type-post","status-publish","format-standard","has-post-thumbnail","category-uldised-uudised","tag-ajakirjaniku-kontakt","tag-ajalehe-tellimine","tag-arhiiv","tag-breaking-news","tag-breakingnews","tag-ee","tag-eesti","tag-eesti-keel","tag-estonia","tag-estonian","tag-featured-news","tag-featurednews","tag-headlines","tag-kaastundeavaldus","tag-kesklinna-sild","tag-kuulutuse-lisamine","tag-kuulutused","tag-latest-news","tag-latestnews","tag-liiklusonnetus","tag-news","tag-paberleht","tag-parnu-haigla","tag-parnu-jahtklubi","tag-parnu-linn","tag-parnu-maakohus","tag-parnu-rand","tag-parnu-sadam","tag-parnu-uritused","tag-parnu-uudised","tag-parnumaa","tag-parnumaa-uudised","tag-politsei","tag-populaarseimad-lood","tag-sport","tag-suvepealinn","tag-tellimine","tag-toimetuse-kontakt","tag-top-stories","tag-topstories","tag-tulekahju","tag-uldised-uudised","tag-urituste-kava","tag-uudised","tag-viimased-uudised"],"share_on_mastodon":{"url":"","error":"Validation failed: Text character limit of 500 exceeded"},"_links":{"self":[{"href":"https:\/\/www.europesays.com\/ee\/wp-json\/wp\/v2\/posts\/263384","targetHints":{"allow":["GET"]}}],"collection":[{"href":"https:\/\/www.europesays.com\/ee\/wp-json\/wp\/v2\/posts"}],"about":[{"href":"https:\/\/www.europesays.com\/ee\/wp-json\/wp\/v2\/types\/post"}],"author":[{"embeddable":true,"href":"https:\/\/www.europesays.com\/ee\/wp-json\/wp\/v2\/users\/2"}],"replies":[{"embeddable":true,"href":"https:\/\/www.europesays.com\/ee\/wp-json\/wp\/v2\/comments?post=263384"}],"version-history":[{"count":0,"href":"https:\/\/www.europesays.com\/ee\/wp-json\/wp\/v2\/posts\/263384\/revisions"}],"wp:featuredmedia":[{"embeddable":true,"href":"https:\/\/www.europesays.com\/ee\/wp-json\/wp\/v2\/media\/263385"}],"wp:attachment":[{"href":"https:\/\/www.europesays.com\/ee\/wp-json\/wp\/v2\/media?parent=263384"}],"wp:term":[{"taxonomy":"category","embeddable":true,"href":"https:\/\/www.europesays.com\/ee\/wp-json\/wp\/v2\/categories?post=263384"},{"taxonomy":"post_tag","embeddable":true,"href":"https:\/\/www.europesays.com\/ee\/wp-json\/wp\/v2\/tags?post=263384"}],"curies":[{"name":"wp","href":"https:\/\/api.w.org\/{rel}","templated":true}]}}