{"id":263402,"date":"2026-08-29T05:03:14","date_gmt":"2026-08-29T05:03:14","guid":{"rendered":"https:\/\/www.europesays.com\/ee\/263402\/"},"modified":"2026-08-29T05:03:14","modified_gmt":"2026-08-29T05:03:14","slug":"galerii-hop-galeriis-avati-kaasaegse-ehtekunsti-grupinaitus-kunst","status":"publish","type":"post","link":"https:\/\/www.europesays.com\/ee\/263402\/","title":{"rendered":"Galerii: Hop galeriis avati kaasaegse ehtekunsti grupin\u00e4itus | Kunst"},"content":{"rendered":"<p>Neljap\u00e4eval avanes Tallinnas Hop galeriis kaasaegse ehtekunsti grupin\u00e4itus &#8220;Sa oled eikeegi, kuniks keegi sind armastab&#8221;.<\/p>\n<p>N\u00e4itusel osalevad kunstnikud\u00a0Erinn M. Cox, Piret Hirv, Katarina Kotselainen, Kristiina Laurits, Eve Margus, Erle Nemvalts, Pilvi Tammoja, Ketli Tiitsar ja Hanna-Maria Vanak\u00fcla, kes said kutse t\u00f5lgendada n\u00e4ituse pealkirja &#8220;Sa oled eikeegi, kuniks keegi sind armastab&#8221; l\u00e4bi isiklike kogemuste ja luua uued ainulaadsed teosed.<\/p>\n<p>\u00a0N\u00e4ituse kuraator on Erinn M. Cox. V\u00e4ljapaneks on avatud 27. septembrini.<\/p>\n","protected":false},"excerpt":{"rendered":"Neljap\u00e4eval avanes Tallinnas Hop galeriis kaasaegse ehtekunsti grupin\u00e4itus &#8220;Sa oled eikeegi, kuniks keegi sind armastab&#8221;. N\u00e4itusel osalevad kunstnikud\u00a0Erinn&hellip;\n","protected":false},"author":2,"featured_media":263403,"comment_status":"","ping_status":"","sticky":false,"template":"","format":"standard","meta":{"footnotes":"","_share_on_mastodon":"0"},"categories":[89],"tags":[227,225,226,228,37,33,35,173,34,36,51069,102052,229,230,140,102051],"class_list":["post-263402","post","type-post","status-publish","format-standard","has-post-thumbnail","category-kunst-ja-kujundus","tag-arts","tag-arts-and-design","tag-artsdesign","tag-design","tag-ee","tag-eesti","tag-eesti-keel","tag-entertainment","tag-estonia","tag-estonian","tag-hop-galerii","tag-kuniks-keegi-sind-armastab","tag-kunst-ja-kujundus","tag-kunstkujundus","tag-meelelahutus","tag-sa-oled-eikeegi"],"share_on_mastodon":{"url":"https:\/\/pubeurope.com\/@ee\/117177050938760833","error":""},"_links":{"self":[{"href":"https:\/\/www.europesays.com\/ee\/wp-json\/wp\/v2\/posts\/263402","targetHints":{"allow":["GET"]}}],"collection":[{"href":"https:\/\/www.europesays.com\/ee\/wp-json\/wp\/v2\/posts"}],"about":[{"href":"https:\/\/www.europesays.com\/ee\/wp-json\/wp\/v2\/types\/post"}],"author":[{"embeddable":true,"href":"https:\/\/www.europesays.com\/ee\/wp-json\/wp\/v2\/users\/2"}],"replies":[{"embeddable":true,"href":"https:\/\/www.europesays.com\/ee\/wp-json\/wp\/v2\/comments?post=263402"}],"version-history":[{"count":0,"href":"https:\/\/www.europesays.com\/ee\/wp-json\/wp\/v2\/posts\/263402\/revisions"}],"wp:featuredmedia":[{"embeddable":true,"href":"https:\/\/www.europesays.com\/ee\/wp-json\/wp\/v2\/media\/263403"}],"wp:attachment":[{"href":"https:\/\/www.europesays.com\/ee\/wp-json\/wp\/v2\/media?parent=263402"}],"wp:term":[{"taxonomy":"category","embeddable":true,"href":"https:\/\/www.europesays.com\/ee\/wp-json\/wp\/v2\/categories?post=263402"},{"taxonomy":"post_tag","embeddable":true,"href":"https:\/\/www.europesays.com\/ee\/wp-json\/wp\/v2\/tags?post=263402"}],"curies":[{"name":"wp","href":"https:\/\/api.w.org\/{rel}","templated":true}]}}