{"id":263434,"date":"2026-08-29T05:35:23","date_gmt":"2026-08-29T05:35:23","guid":{"rendered":"https:\/\/www.europesays.com\/ee\/263434\/"},"modified":"2026-08-29T05:35:23","modified_gmt":"2026-08-29T05:35:23","slug":"fotod-%e2%9f%a9-uus-uuriformaat-kogub-tallinnas-hoogu-oma-korteri-omamine-ei-ole-enam-nii-oluline","status":"publish","type":"post","link":"https:\/\/www.europesays.com\/ee\/263434\/","title":{"rendered":"FOTOD \u27e9 Uus \u00fc\u00fcriformaat kogub Tallinnas hoogu: \u00abOma korteri omamine ei ole enam nii oluline\u00bb"},"content":{"rendered":"<p class=\"!my-0\">Umbes 20 ruutmeetrit eest 500 eurot ja see pole sugugi tavaline \u00fc\u00fcrikorter. Omaniku asemel on ettev\u00f5te, v\u00f5tit asendab kood ning lepingu saab s\u00f5lmida vaid paari klikiga. Uurisime Tallinna uusi \u00fc\u00fcrielamuid ja selgitasime v\u00e4lja, kes sellist eluviisi valivad, miks oma kodu pole enam ilmtingimata eesm\u00e4rk ning milliseid arendusi on oodata Lasnam\u00e4el ja Kesklinnas.<\/p>\n<p>Tallinna turul leidub t\u00e4nap\u00e4eval juba mitmeid projekte, mis pakuvad alternatiivi tavap\u00e4rasele \u00fc\u00fcrimisele. Valisime kaks erinevat n\u00e4idet, et seda formaati l\u00e4hemalt uurida. Alustame Larseni uuest majast nimega Sume, mis asub Ehitajate teel.<\/p>\n","protected":false},"excerpt":{"rendered":"Umbes 20 ruutmeetrit eest 500 eurot ja see pole sugugi tavaline \u00fc\u00fcrikorter. Omaniku asemel on ettev\u00f5te, v\u00f5tit asendab&hellip;\n","protected":false},"author":2,"featured_media":263435,"comment_status":"","ping_status":"","sticky":false,"template":"","format":"standard","meta":{"footnotes":"","_share_on_mastodon":"0"},"categories":[5],"tags":[26,27,2687,37,33,35,34,36,31,32,21,5407,19356,2264,28,29,19,102088,102087,25,102086,2130,60426,23,24,22,20,30],"class_list":["post-263434","post","type-post","status-publish","format-standard","has-post-thumbnail","category-uldised-uudised","tag-breaking-news","tag-breakingnews","tag-diplomaat","tag-ee","tag-eesti","tag-eesti-keel","tag-estonia","tag-estonian","tag-featured-news","tag-featurednews","tag-headlines","tag-kesklinn","tag-larsen","tag-lasnamae","tag-latest-news","tag-latestnews","tag-news","tag-nora","tag-perton-living","tag-populaarseimad-lood","tag-sume","tag-tallinn","tag-tallinna-uuriturg","tag-top-stories","tag-topstories","tag-uldised-uudised","tag-uudised","tag-viimased-uudised"],"share_on_mastodon":{"url":"https:\/\/pubeurope.com\/@ee\/117177176744297818","error":""},"_links":{"self":[{"href":"https:\/\/www.europesays.com\/ee\/wp-json\/wp\/v2\/posts\/263434","targetHints":{"allow":["GET"]}}],"collection":[{"href":"https:\/\/www.europesays.com\/ee\/wp-json\/wp\/v2\/posts"}],"about":[{"href":"https:\/\/www.europesays.com\/ee\/wp-json\/wp\/v2\/types\/post"}],"author":[{"embeddable":true,"href":"https:\/\/www.europesays.com\/ee\/wp-json\/wp\/v2\/users\/2"}],"replies":[{"embeddable":true,"href":"https:\/\/www.europesays.com\/ee\/wp-json\/wp\/v2\/comments?post=263434"}],"version-history":[{"count":0,"href":"https:\/\/www.europesays.com\/ee\/wp-json\/wp\/v2\/posts\/263434\/revisions"}],"wp:featuredmedia":[{"embeddable":true,"href":"https:\/\/www.europesays.com\/ee\/wp-json\/wp\/v2\/media\/263435"}],"wp:attachment":[{"href":"https:\/\/www.europesays.com\/ee\/wp-json\/wp\/v2\/media?parent=263434"}],"wp:term":[{"taxonomy":"category","embeddable":true,"href":"https:\/\/www.europesays.com\/ee\/wp-json\/wp\/v2\/categories?post=263434"},{"taxonomy":"post_tag","embeddable":true,"href":"https:\/\/www.europesays.com\/ee\/wp-json\/wp\/v2\/tags?post=263434"}],"curies":[{"name":"wp","href":"https:\/\/api.w.org\/{rel}","templated":true}]}}