{"id":263438,"date":"2026-08-29T05:42:07","date_gmt":"2026-08-29T05:42:07","guid":{"rendered":"https:\/\/www.europesays.com\/ee\/263438\/"},"modified":"2026-08-29T05:42:07","modified_gmt":"2026-08-29T05:42:07","slug":"paraguay-ralli-algas-rohkete-rehvipurunemistega-hankook-kas-uldse-leidub-igas-olukorras-toimiv-rehv","status":"publish","type":"post","link":"https:\/\/www.europesays.com\/ee\/263438\/","title":{"rendered":"Paraguay ralli algas rohkete rehvipurunemistega. Hankook: kas \u00fcldse leidub igas olukorras toimiv rehv?"},"content":{"rendered":"<p>Takamoto Katsuta oli ainus Rally1-klassi s\u00f5itja, keda rehviprobleemid ei m\u00f5jutanud, kuid tema ralli l\u00f5ppes juba esimesel katsel. Seej\u00e4rel hakkasid rehvid \u00fcldarvestuse kujunemises suurt rolli m\u00e4ngima. <\/p>\n<p>Oodatust k\u00f5rgem temperatuur ja mullusest karmimad ning abrasiivsemad teed tekitasid probleeme pea k\u00f5igile s\u00f5itjatele. Reede hommikul langesid konkurentsist maailmameistrid S\u00e9bastien Ogier ja Thierry Neuville.<\/p>\n<p>Ogier\u2019 meeskonnakaaslased <a rel=\"noopener nofollow\" target=\"_blank\" href=\"https:\/\/www.delfi.ee\/teema\/71230759\/elfyn-evans\" tag-id=\"71230759\">Elfyn Evans<\/a> ja Oliver Solberg j\u00f5udsid m\u00f5lemad korra rallit juhtida, kuid langesid rehvipurunemiste t\u00f5ttu tahapoole. <a rel=\"noopener nofollow\" target=\"_blank\" href=\"https:\/\/www.delfi.ee\/teema\/96848438\/sami-pajari\" tag-id=\"96848438\">Sami Pajari<\/a> rehvid pidasid paremini vastu (kolmandal kiiruskatsel tabas teda vaid rehvi delamineerumine) ning reedese p\u00e4eva l\u00f5puks juhib soomlane Hayden Paddoni ees 11 sekundiga.<\/p>\n<p>Hankooki esindaja Steven Cho tunnistas portaalile DritFish, et Paraguay tingimused panid rehvid tavap\u00e4rasest tugevamale proovile. \u201e\u00dchelt tootelt ei ole tegelikult v\u00f5imalik n\u00f5uda seda kiirust ja j\u00f5udlust, mida s\u00f5itjad tahavad Eestis ja Soomes, ning seej\u00e4rel tuua sama toode Keeniasse v\u00f5i siia, kus tingimused on v\u00e4ga erinevad. Kas on \u00fcldse v\u00f5imalik valmistada rehvi, mis toimiks k\u00f5igis neis tingimustes ideaalselt?\u201c<\/p>\n<p>Cho s\u00f5nul kulusid rehvid oodatust kiiremini. \u201eEnamik delamineerumisi tekkis sellest, et rehvid olid kulunud t\u00e4iesti l\u00f5puni ehk kogu kumm oli kadunud ja rehv oli peaaegu t\u00e4ielikult l\u00e4bi. Tee oli abrasiivsem, kui me ootasime.\u201c<\/p>\n<p>Evans oli rehvide kohta m\u00e4rksa otsekohesem. \u201eMa ei tea, kui palju ma tohin \u00f6elda, ilma et ma pahandustesse satuksin. Ma arvan, et olukord r\u00e4\u00e4gib enda eest. Ma ei pea midagi lisama. See on \u00fcsna selge,\u201c oli Evans kriitiline. <\/p>\n<p>\u201eK\u00f5igil teistel s\u00f5itjatel, isegi neil, kellel rehvid ei purunenud, on k\u00f5ikjal tohutult kahjustusi. Nii et see on siis natuke loterii,\u201c lisas MM-sarja liider, kes l\u00f5petas avap\u00e4eva kolmandana (+56,3).<\/p>\n<p>Hankook t\u00f5i suve alguses Kreeka ralliks kasutusele uuendatud k\u00f5va seguga rehvid. <a rel=\"noopener nofollow\" target=\"_blank\" href=\"https:\/\/www.delfi.ee\/teema\/93850915\/adrien-fourmaux\" tag-id=\"93850915\">Adrien Fourmaux<\/a> ei ole kindel, et uue rehvid on v\u00e4ga palju paremad. \u201eEelmisel aastal esines meil juba k\u00f5va seguga rehvil delamineerumisi ja t\u00e4navu on meil taas delamineerumisi, kuid ma \u00fctleksin, et teisel p\u00f5hjusel. Me lihtsalt peame saama paremad rehvid ja edasi minema.\u201c<\/p>\n<p>Paraguay ralli laup\u00e4evane programm algab Eesti aja j\u00e4rgi kell 14.19. <\/p>\n<p>Kuidas see lugu Sind end tundma pani?Saada<a href=\"https:\/\/sport.delfi.ee\/artikkel\/120606914\/paraguay-ralli-algas-rohkete-rehvipurunemistega-hankook-kas-uldse-leidub-igas-olukorras-toimiv-rehv\/kommentaarid\" class=\"button button--primary button--size-auto article-body-bottom__comment article-body-bottom__comment--write\" style=\"\" rel=\"nofollow noopener\" target=\"_blank\">Kommenteeri<\/a><a href=\"https:\/\/sport.delfi.ee\/artikkel\/120606914\/paraguay-ralli-algas-rohkete-rehvipurunemistega-hankook-kas-uldse-leidub-igas-olukorras-toimiv-rehv\/kommentaarid\" class=\"button button--size-auto article-body-bottom__comment article-body-bottom__comment--read\" style=\"\" rel=\"nofollow noopener\" target=\"_blank\">Loe kommentaare <\/a><\/p>\n","protected":false},"excerpt":{"rendered":"Takamoto Katsuta oli ainus Rally1-klassi s\u00f5itja, keda rehviprobleemid ei m\u00f5jutanud, kuid tema ralli l\u00f5ppes juba esimesel katsel. Seej\u00e4rel&hellip;\n","protected":false},"author":2,"featured_media":263439,"comment_status":"","ping_status":"","sticky":false,"template":"","format":"standard","meta":{"footnotes":"","_share_on_mastodon":"0"},"categories":[18],"tags":[1692,37,33,35,3307,34,36,8621,96671,6863,159,158],"class_list":["post-263438","post","type-post","status-publish","format-standard","has-post-thumbnail","category-sport","tag-adrien-fourmaux","tag-ee","tag-eesti","tag-eesti-keel","tag-elfyn-evans","tag-estonia","tag-estonian","tag-hankook","tag-paraguay-ralli","tag-sami-pajari","tag-sport","tag-sports"],"share_on_mastodon":{"url":"https:\/\/pubeurope.com\/@ee\/117177204449821684","error":""},"_links":{"self":[{"href":"https:\/\/www.europesays.com\/ee\/wp-json\/wp\/v2\/posts\/263438","targetHints":{"allow":["GET"]}}],"collection":[{"href":"https:\/\/www.europesays.com\/ee\/wp-json\/wp\/v2\/posts"}],"about":[{"href":"https:\/\/www.europesays.com\/ee\/wp-json\/wp\/v2\/types\/post"}],"author":[{"embeddable":true,"href":"https:\/\/www.europesays.com\/ee\/wp-json\/wp\/v2\/users\/2"}],"replies":[{"embeddable":true,"href":"https:\/\/www.europesays.com\/ee\/wp-json\/wp\/v2\/comments?post=263438"}],"version-history":[{"count":0,"href":"https:\/\/www.europesays.com\/ee\/wp-json\/wp\/v2\/posts\/263438\/revisions"}],"wp:featuredmedia":[{"embeddable":true,"href":"https:\/\/www.europesays.com\/ee\/wp-json\/wp\/v2\/media\/263439"}],"wp:attachment":[{"href":"https:\/\/www.europesays.com\/ee\/wp-json\/wp\/v2\/media?parent=263438"}],"wp:term":[{"taxonomy":"category","embeddable":true,"href":"https:\/\/www.europesays.com\/ee\/wp-json\/wp\/v2\/categories?post=263438"},{"taxonomy":"post_tag","embeddable":true,"href":"https:\/\/www.europesays.com\/ee\/wp-json\/wp\/v2\/tags?post=263438"}],"curies":[{"name":"wp","href":"https:\/\/api.w.org\/{rel}","templated":true}]}}