{"id":263446,"date":"2026-08-29T05:52:23","date_gmt":"2026-08-29T05:52:23","guid":{"rendered":"https:\/\/www.europesays.com\/ee\/263446\/"},"modified":"2026-08-29T05:52:23","modified_gmt":"2026-08-29T05:52:23","slug":"yayoi-kusama-loputute-tubade-looja-lahkus-jattes-maha-ainulaadse-parandi","status":"publish","type":"post","link":"https:\/\/www.europesays.com\/ee\/263446\/","title":{"rendered":"Yayoi Kusama, &#8220;L\u00f5putute tubade&#8221; looja, lahkus, j\u00e4ttes maha ainulaadse p\u00e4randi"},"content":{"rendered":"<p class=\"text-muted-foreground text-[15px] leading-relaxed\">Jaapani avangardkunstnik, kes muutis isiklikud hallutsinatsioonid \u00fclemaailmselt tunnustatud teosteks, suri 14. augustil Tokyos 97-aastaselt, kinnitas tema esindaja David Zwirner.<\/p>\n<ul class=\"space-y-3 text-[15px] leading-relaxed\">\n<li class=\"flex gap-3\">\u2014Jaapani kunstnik Yayoi Kusama, keda t\u00e4histatakse tema immersiivsete &#8220;L\u00f5putute tubade&#8221; ja t\u00e4pimotiivide poolest, suri 97-aastaselt.<\/li>\n<li class=\"flex gap-3\">\u2014Kusama suri 14. augustil Tokyo haiglas mitme elundi puudulikkuse t\u00f5ttu, nagu kinnitas tema esindaja David Zwirner.<\/li>\n<li class=\"flex gap-3\">\u2014Kogu oma karj\u00e4\u00e4ri jooksul kasutas Kusama oma kunsti, et v\u00e4ljendada oma kinnisideid ja hallutsinatsioone, pidades oma loomingulist protsessi elluj\u00e4\u00e4misvahendiks ja inimkonna koha peegelduseks universumis.<\/li>\n<li class=\"flex gap-3\">\u2014Tema looming, mis h\u00f5lmas maale, skulptuure ja installatsioone, p\u00e4lvis rahvusvahelise tunnustuse ja m\u00f5jutas kaasaegset kunsti, kusjuures suuri n\u00e4itusi korraldati \u00fcle maailma ja 2017. aastal avati Tokyos talle p\u00fchendatud muuseum.<\/li>\n<li class=\"flex gap-3\">\u2014Kusama kunstiline teekond algas Jaapanis Matsumotos ja hiljem kolis ta 1950. aastate l\u00f5pus New Yorki, saades avangardstseeni oluliseks tegelaseks, kuigi ta seisis silmitsi v\u00e4ljakutsetega naiskunstnikuna meeskeskses maailmas.<\/li>\n<\/ul>\n","protected":false},"excerpt":{"rendered":"Jaapani avangardkunstnik, kes muutis isiklikud hallutsinatsioonid \u00fclemaailmselt tunnustatud teosteks, suri 14. augustil Tokyos 97-aastaselt, kinnitas tema esindaja David&hellip;\n","protected":false},"author":2,"featured_media":263447,"comment_status":"","ping_status":"","sticky":false,"template":"","format":"standard","meta":{"footnotes":"","_share_on_mastodon":"0"},"categories":[16],"tags":[102089,37,33,35,173,34,36,2162,21510,190,5670,102090,140,4701,5499,102091,1230,101646],"class_list":["post-263446","post","type-post","status-publish","format-standard","has-post-thumbnail","category-meelelahutus","tag-avangard","tag-ee","tag-eesti","tag-eesti-keel","tag-entertainment","tag-estonia","tag-estonian","tag-jaapan","tag-kaasaegne-kunst","tag-kunst","tag-kunstnik","tag-loputud-toad","tag-meelelahutus","tag-parand","tag-surm","tag-tapimotiivid","tag-tokyo","tag-yayoi-kusama"],"share_on_mastodon":{"url":"https:\/\/pubeurope.com\/@ee\/117177243806561765","error":""},"_links":{"self":[{"href":"https:\/\/www.europesays.com\/ee\/wp-json\/wp\/v2\/posts\/263446","targetHints":{"allow":["GET"]}}],"collection":[{"href":"https:\/\/www.europesays.com\/ee\/wp-json\/wp\/v2\/posts"}],"about":[{"href":"https:\/\/www.europesays.com\/ee\/wp-json\/wp\/v2\/types\/post"}],"author":[{"embeddable":true,"href":"https:\/\/www.europesays.com\/ee\/wp-json\/wp\/v2\/users\/2"}],"replies":[{"embeddable":true,"href":"https:\/\/www.europesays.com\/ee\/wp-json\/wp\/v2\/comments?post=263446"}],"version-history":[{"count":0,"href":"https:\/\/www.europesays.com\/ee\/wp-json\/wp\/v2\/posts\/263446\/revisions"}],"wp:featuredmedia":[{"embeddable":true,"href":"https:\/\/www.europesays.com\/ee\/wp-json\/wp\/v2\/media\/263447"}],"wp:attachment":[{"href":"https:\/\/www.europesays.com\/ee\/wp-json\/wp\/v2\/media?parent=263446"}],"wp:term":[{"taxonomy":"category","embeddable":true,"href":"https:\/\/www.europesays.com\/ee\/wp-json\/wp\/v2\/categories?post=263446"},{"taxonomy":"post_tag","embeddable":true,"href":"https:\/\/www.europesays.com\/ee\/wp-json\/wp\/v2\/tags?post=263446"}],"curies":[{"name":"wp","href":"https:\/\/api.w.org\/{rel}","templated":true}]}}