{"id":263454,"date":"2026-08-29T06:04:16","date_gmt":"2026-08-29T06:04:16","guid":{"rendered":"https:\/\/www.europesays.com\/ee\/263454\/"},"modified":"2026-08-29T06:04:16","modified_gmt":"2026-08-29T06:04:16","slug":"bayern-alustas-joudemonstratsiooniga-upamecano-loi-endale-omase-juubelivarava-soccernet-ee","status":"publish","type":"post","link":"https:\/\/www.europesays.com\/ee\/263454\/","title":{"rendered":"Bayern alustas j\u00f5udemonstratsiooniga, Upamecano l\u00f5i endale omase juubeliv\u00e4rava &#8211; Soccernet.ee"},"content":{"rendered":"<p><img decoding=\"async\" src=\"https:\/\/www.europesays.com\/ee\/wp-content\/uploads\/2026\/08\/1787941304.jpg\" alt=\"Dayot Upamecano l\u00f5i Bundesliga uue hooaja esimese v\u00e4rava. Foto: Scanpix \/ Michael Nibel \/ picture-alliance \/ HMB Media\"\/>&#13;\n<\/p>\n<p>Valitsev Saksamaa meister M\u00fcncheni Bayern alustas tiitli kaitsmist kodus 5:1 v\u00f5iduga eelmisel hooajal neljanda koha saanud Stuttgarti \u00fcle.<\/p>\n<p>Bundesliga hooaja esimese v\u00e4rava sai enda nimele Dayot Upamecano, kes suunas avapoolaja keskpaigas Joshua Kimmichi nurgal\u00f6\u00f6gi peaga v\u00e4ravasse. Prantsusmaa keskkaitsja on n\u00fc\u00fcd Saksamaa k\u00f5rgliigas l\u00f6\u00f6nud k\u00fcmme v\u00e4ravat (neli Leipzigi ja kuus Bayerni eest), k\u00f5ik standardolukordadest ja neist omakorda \u00fcheksa nurgal\u00f6\u00f6kidest.\u00a0&#13;\n<\/p>\n<p>Stuttgart j\u00f5udis teise poolaja alguses Josha Vagnomani v\u00e4ravast viigini, aga see ei p\u00fcsinud kaua, sest Michael Olise taastas m\u00f5ned minutid hiljem Kimmichi s\u00f6\u00f6du j\u00e4rel Bayerni eduseisu ja veidi hiljem l\u00f5i Vagnoman omav\u00e4rava, kui proovis v\u00e4rava eest palli minema klaarida. M\u00e4ngu l\u00f5pus vormistasid Bayernile 5:1 v\u00f5idu Aleksandar Pavlovici ja Luis Diaze v\u00e4ravad.\u00a0&#13;\n<\/p>\n<p>Stuttgarti kaitsjast Vagnomanist sai teine m\u00e4ngija Bundesliga ajaloos, kes on Allianz Arenal v\u00f5\u00f5rsilm\u00e4ngus Bayerniga l\u00f6\u00f6nud v\u00e4rava enda ja vastase v\u00f5rku. Esimesena sai sellega hakkama Martin Hinteregger 2020. aastal, kes siis m\u00e4ngis Frankfurti Eintrachti ridades.<\/p>\n<p>\u00dclej\u00e4\u00e4nud Bundesliiga uue hooaja avavooru m\u00e4ngud toimuvad 29. ja 30. augustil. Eesti koondise v\u00e4ravavahi Karl Jakob Heina koduklubi Bremeni Werder alustab uut liigahooaega p\u00fchap\u00e4eval, kui v\u00f5\u00f5rsil minnakse vastamisi Freiburgiga.&#13;<\/p>\n","protected":false},"excerpt":{"rendered":"&#13; Valitsev Saksamaa meister M\u00fcncheni Bayern alustas tiitli kaitsmist kodus 5:1 v\u00f5iduga eelmisel hooajal neljanda koha saanud Stuttgarti&hellip;\n","protected":false},"author":2,"featured_media":263455,"comment_status":"","ping_status":"","sticky":false,"template":"","format":"standard","meta":{"footnotes":"","_share_on_mastodon":"0"},"categories":[18],"tags":[525,527,77167,37,33,35,34,36,538,51,1259,159,158,1003,18055],"class_list":["post-263454","post","type-post","status-publish","format-standard","has-post-thumbnail","category-sport","tag-bayern","tag-bundesliga","tag-dayot-upamecano","tag-ee","tag-eesti","tag-eesti-keel","tag-estonia","tag-estonian","tag-muncheni-bayern","tag-saksamaa","tag-saksamaa-korgliiga","tag-sport","tag-sports","tag-stuttgart","tag-upamecano"],"share_on_mastodon":{"url":"https:\/\/pubeurope.com\/@ee\/117177291347159657","error":""},"_links":{"self":[{"href":"https:\/\/www.europesays.com\/ee\/wp-json\/wp\/v2\/posts\/263454","targetHints":{"allow":["GET"]}}],"collection":[{"href":"https:\/\/www.europesays.com\/ee\/wp-json\/wp\/v2\/posts"}],"about":[{"href":"https:\/\/www.europesays.com\/ee\/wp-json\/wp\/v2\/types\/post"}],"author":[{"embeddable":true,"href":"https:\/\/www.europesays.com\/ee\/wp-json\/wp\/v2\/users\/2"}],"replies":[{"embeddable":true,"href":"https:\/\/www.europesays.com\/ee\/wp-json\/wp\/v2\/comments?post=263454"}],"version-history":[{"count":0,"href":"https:\/\/www.europesays.com\/ee\/wp-json\/wp\/v2\/posts\/263454\/revisions"}],"wp:featuredmedia":[{"embeddable":true,"href":"https:\/\/www.europesays.com\/ee\/wp-json\/wp\/v2\/media\/263455"}],"wp:attachment":[{"href":"https:\/\/www.europesays.com\/ee\/wp-json\/wp\/v2\/media?parent=263454"}],"wp:term":[{"taxonomy":"category","embeddable":true,"href":"https:\/\/www.europesays.com\/ee\/wp-json\/wp\/v2\/categories?post=263454"},{"taxonomy":"post_tag","embeddable":true,"href":"https:\/\/www.europesays.com\/ee\/wp-json\/wp\/v2\/tags?post=263454"}],"curies":[{"name":"wp","href":"https:\/\/api.w.org\/{rel}","templated":true}]}}