{"id":263460,"date":"2026-08-29T06:15:16","date_gmt":"2026-08-29T06:15:16","guid":{"rendered":"https:\/\/www.europesays.com\/ee\/263460\/"},"modified":"2026-08-29T06:15:16","modified_gmt":"2026-08-29T06:15:16","slug":"hea-uudis-werderi-peatreener-kinnitas-et-hein-on-terve-ja-alustab-hooaega-esinumbrina-postimees-sport","status":"publish","type":"post","link":"https:\/\/www.europesays.com\/ee\/263460\/","title":{"rendered":"Hea uudis: Werderi peatreener kinnitas, et Hein on terve ja alustab hooaega esinumbrina &#8211; Postimees Sport"},"content":{"rendered":"<ol>\n<li><a href=\"https:\/\/news.google.com\/rss\/articles\/CBMivAFBVV95cUxQd2NUdUZ1YlVDSmlCWlcyVWpQa1M4bHQ2YXR5THp3VHlIS0pQbzAtbS12TFp6T0kxOXBpdTBrdXo1c3pRRGl4T1FicDdXNTdPcGpqSjJnbjZCNi1veUdLczU3ZHgtdllidFNJNEEyV0M3YkwwWk5TU1NMYkZlbVBOLTV1YjVVSGhBelV5MlhVZXltRVo0alNrOERpTDFnWWYtOEQtRk84aDladEVwZVNlREV4M0xKZU13eGtvVA?oc=5\" target=\"_blank\" rel=\"nofollow noopener\">Hea uudis: Werderi peatreener kinnitas, et Hein on terve ja alustab hooaega esinumbrina<\/a>&nbsp;&nbsp;Postimees Sport<\/li>\n<li><a href=\"https:\/\/news.google.com\/rss\/articles\/CBMiswFBVV95cUxNWUFkMm5DLVhDV0xyem4xT1doSjNtWUxKUkF2MzJfWkhmdDdqSEJfY2FIME5nQmZRMGxza2c4UjZTVnRuWklleUUzN25VQW1UWmozRXNwMi1VT0hQUjROVkV0dW9oT21KTFlMdzBnNlp3TF9xQXZSWFZjemRzenc3VzhKbEFKN2dPdklTV2hDREUxN2lWMXY2X3FEeVhZcTBOdk82NE5EUXBJWUtGNTRNUm5CTQ?oc=5\" target=\"_blank\" rel=\"nofollow noopener\">Werderi esinumbriks kinnitatud Hein pakatab enesekindlusest: l\u00e4heme avam\u00e4ngust v\u00f5idupunkte v\u00f5tma<\/a>&nbsp;&nbsp;Delfi Sport<\/li>\n<li><a href=\"https:\/\/news.google.com\/rss\/articles\/CBMirwFBVV95cUxONWxELUhrRjFhZHk1N1lQanVnSHVLYVN6eXliRGhMam5IOXh4dWhGOU5JdS0xSTFTdXdPLXVGZElkVUpfSHVET1k1b3BkdkJVeWJHeUZZcGVRRnU4dDVkb1FuRmpFNmZwXzVOQ19CaHZUcEI2Q2tRU0VoWE1zaG04elJYaHMyaVVBdFNrY1VnbUQwSHpfZVhHeWZQajdFbEo2S2lmSllueGRPaG82X3U4?oc=5\" target=\"_blank\" rel=\"nofollow noopener\">Werderi peatreener kinnitas, et Hein on terve ja alustab liigahooaega esinumbrina<\/a>&nbsp;&nbsp;Soccernet.ee<\/li>\n<li><a href=\"https:\/\/news.google.com\/rss\/articles\/CBMi4wFBVV95cUxPa0xzNmxfOVRVYXhrWXdHUEVlR0Z4dmZkVHZFVGhPdzYtTTZiZktFV3ZqVVFVRmhQQjZ0cXBDRXJxX0pUbEJQUEZ2Tmd2MFZGcVJaaTNwSVZGVFdTZ3RCZHdQOHlTSkMteW84UVhTZW9RY1dyR181MFZoYjZTZkVHc1pyRjBfMTRwdE5RTlE3MDN0eExVdXpiOUdiQ2pCSUxNTnp3S25wYkw4S1o3cmF6UHJ0WkIzQThpczFRZlJ4WlB3NmhrbENUT2lDamRlNThUREcyamtJdDIzQ1dSVmNEa0Z2bw?oc=5\" target=\"_blank\" rel=\"nofollow noopener\">Werderis valitseb korralik segadus, aga peatreener andis Karl Jakob Heina staatuse osas aus\u00f5na<\/a>&nbsp;&nbsp;Inbox.eu<\/li>\n<\/ol>\n","protected":false},"excerpt":{"rendered":"Hea uudis: Werderi peatreener kinnitas, et Hein on terve ja alustab hooaega esinumbrina&nbsp;&nbsp;Postimees Sport Werderi esinumbriks kinnitatud Hein&hellip;\n","protected":false},"author":2,"featured_media":263461,"comment_status":"","ping_status":"","sticky":false,"template":"","format":"standard","meta":{"footnotes":"","_share_on_mastodon":"0"},"categories":[18],"tags":[1526,37,33,35,34,36,1517,172,1520,1513,1514,1518,1524,1515,1529,1530,1523,1519,1522,1525,1528,1527,159,158,1535,1534,1521,1532,1533,1230,1531,1516,1192],"class_list":["post-263460","post","type-post","status-publish","format-standard","has-post-thumbnail","category-sport","tag-autoralli","tag-ee","tag-eesti","tag-eesti-keel","tag-estonia","tag-estonian","tag-finaal","tag-jalgpall","tag-koondis","tag-korvpall","tag-liiga","tag-mang","tag-martin-jarveoja","tag-medal","tag-olumpia","tag-olumpiamangud","tag-ott-tanak","tag-poks","tag-postimees-sport","tag-postimees-wrc","tag-spordi-uudised","tag-spordiuudised","tag-sport","tag-sports","tag-suveolumpia","tag-suveolumpiamangud","tag-tiitel","tag-tokio","tag-tokio2020","tag-tokyo","tag-tokyo2020","tag-voistlus","tag-wrc"],"share_on_mastodon":{"url":"https:\/\/pubeurope.com\/@ee\/117177334276659184","error":""},"_links":{"self":[{"href":"https:\/\/www.europesays.com\/ee\/wp-json\/wp\/v2\/posts\/263460","targetHints":{"allow":["GET"]}}],"collection":[{"href":"https:\/\/www.europesays.com\/ee\/wp-json\/wp\/v2\/posts"}],"about":[{"href":"https:\/\/www.europesays.com\/ee\/wp-json\/wp\/v2\/types\/post"}],"author":[{"embeddable":true,"href":"https:\/\/www.europesays.com\/ee\/wp-json\/wp\/v2\/users\/2"}],"replies":[{"embeddable":true,"href":"https:\/\/www.europesays.com\/ee\/wp-json\/wp\/v2\/comments?post=263460"}],"version-history":[{"count":0,"href":"https:\/\/www.europesays.com\/ee\/wp-json\/wp\/v2\/posts\/263460\/revisions"}],"wp:featuredmedia":[{"embeddable":true,"href":"https:\/\/www.europesays.com\/ee\/wp-json\/wp\/v2\/media\/263461"}],"wp:attachment":[{"href":"https:\/\/www.europesays.com\/ee\/wp-json\/wp\/v2\/media?parent=263460"}],"wp:term":[{"taxonomy":"category","embeddable":true,"href":"https:\/\/www.europesays.com\/ee\/wp-json\/wp\/v2\/categories?post=263460"},{"taxonomy":"post_tag","embeddable":true,"href":"https:\/\/www.europesays.com\/ee\/wp-json\/wp\/v2\/tags?post=263460"}],"curies":[{"name":"wp","href":"https:\/\/api.w.org\/{rel}","templated":true}]}}