{"id":263468,"date":"2026-08-29T06:26:09","date_gmt":"2026-08-29T06:26:09","guid":{"rendered":"https:\/\/www.europesays.com\/ee\/263468\/"},"modified":"2026-08-29T06:26:09","modified_gmt":"2026-08-29T06:26:09","slug":"pohjalik-sissevaade-%e2%9f%a9-mis-peitub-baltikumi-aga-ka-laiemalt-euroopa-korvpalliikooni-leedu-allakaigu-taga","status":"publish","type":"post","link":"https:\/\/www.europesays.com\/ee\/263468\/","title":{"rendered":"P\u00d5HJALIK SISSEVAADE \u27e9 Mis peitub Baltikumi, aga ka laiemalt Euroopa korvpalliikooni Leedu allak\u00e4igu taga?"},"content":{"rendered":"<p class=\"MsoNormal\">Leedu korvpalli on ikka ja j\u00e4lle toodud eeskujuks siinses regioonis, aga ka kaugemal. Neist kiirgas alati kirge m\u00e4ngu vastu, v\u00f5itlusvaimu, eneseusku ja \u00fchtehoidmist. \u00c4gedast, paljude spordis\u00f5prade s\u00fcdameid v\u00f5itnud hingestatusest pole praegu aga suurt midagi alles.<\/p>\n<p class=\"MsoNormal\">\u00dcks asi on tulemused. K\u00f5igil peale USA tuleb ikka ette t\u00f5use ja m\u00f5\u00f5nu. See polegi otseselt probleem. Suurem mure peitub Leedu korvpallipere l\u00f5hestumises. Kui \u00fcldjuhul \u00fcletatakse rasked ajad seljad kokku pannes, nokitseb praegu iga\u00fcks oma nurgas. \u00d5hk p\u00fcsib protestih\u00f5ngust juba m\u00f5nda aega paks.<\/p>\n","protected":false},"excerpt":{"rendered":"Leedu korvpalli on ikka ja j\u00e4lle toodud eeskujuks siinses regioonis, aga ka kaugemal. Neist kiirgas alati kirge m\u00e4ngu&hellip;\n","protected":false},"author":2,"featured_media":263469,"comment_status":"","ping_status":"","sticky":false,"template":"","format":"standard","meta":{"footnotes":"","_share_on_mastodon":"0"},"categories":[18],"tags":[1526,37,33,35,34,36,1517,172,1520,1513,1514,1518,1524,1515,1529,1530,1523,1519,1522,1525,1528,1527,159,158,1535,1534,1521,1532,1533,1230,1531,1516,1192],"class_list":["post-263468","post","type-post","status-publish","format-standard","has-post-thumbnail","category-sport","tag-autoralli","tag-ee","tag-eesti","tag-eesti-keel","tag-estonia","tag-estonian","tag-finaal","tag-jalgpall","tag-koondis","tag-korvpall","tag-liiga","tag-mang","tag-martin-jarveoja","tag-medal","tag-olumpia","tag-olumpiamangud","tag-ott-tanak","tag-poks","tag-postimees-sport","tag-postimees-wrc","tag-spordi-uudised","tag-spordiuudised","tag-sport","tag-sports","tag-suveolumpia","tag-suveolumpiamangud","tag-tiitel","tag-tokio","tag-tokio2020","tag-tokyo","tag-tokyo2020","tag-voistlus","tag-wrc"],"share_on_mastodon":{"url":"https:\/\/pubeurope.com\/@ee\/117177377292595300","error":""},"_links":{"self":[{"href":"https:\/\/www.europesays.com\/ee\/wp-json\/wp\/v2\/posts\/263468","targetHints":{"allow":["GET"]}}],"collection":[{"href":"https:\/\/www.europesays.com\/ee\/wp-json\/wp\/v2\/posts"}],"about":[{"href":"https:\/\/www.europesays.com\/ee\/wp-json\/wp\/v2\/types\/post"}],"author":[{"embeddable":true,"href":"https:\/\/www.europesays.com\/ee\/wp-json\/wp\/v2\/users\/2"}],"replies":[{"embeddable":true,"href":"https:\/\/www.europesays.com\/ee\/wp-json\/wp\/v2\/comments?post=263468"}],"version-history":[{"count":0,"href":"https:\/\/www.europesays.com\/ee\/wp-json\/wp\/v2\/posts\/263468\/revisions"}],"wp:featuredmedia":[{"embeddable":true,"href":"https:\/\/www.europesays.com\/ee\/wp-json\/wp\/v2\/media\/263469"}],"wp:attachment":[{"href":"https:\/\/www.europesays.com\/ee\/wp-json\/wp\/v2\/media?parent=263468"}],"wp:term":[{"taxonomy":"category","embeddable":true,"href":"https:\/\/www.europesays.com\/ee\/wp-json\/wp\/v2\/categories?post=263468"},{"taxonomy":"post_tag","embeddable":true,"href":"https:\/\/www.europesays.com\/ee\/wp-json\/wp\/v2\/tags?post=263468"}],"curies":[{"name":"wp","href":"https:\/\/api.w.org\/{rel}","templated":true}]}}