{"id":263480,"date":"2026-08-29T06:39:53","date_gmt":"2026-08-29T06:39:53","guid":{"rendered":"https:\/\/www.europesays.com\/ee\/263480\/"},"modified":"2026-08-29T06:39:53","modified_gmt":"2026-08-29T06:39:53","slug":"kanada-kehtestab-tollimaksud-usa-kaupadele-valismaa","status":"publish","type":"post","link":"https:\/\/www.europesays.com\/ee\/263480\/","title":{"rendered":"Kanada kehtestab tollimaksud USA kaupadele | V\u00e4lismaa"},"content":{"rendered":"<p>8. septembrist hakkavad kehtima tollimaksud USA kaupadele, teatas Kanada peaminister Mark Carney. See on vastuseks USA kehtestatud 50-protsendilistele tollimaksudele.<\/p>\n<p>Kanada kehtestab tollimaksud \u00dchendriikide terasele, piimatoodetele, kodumasinatele, p\u00f5llumajandustehnikale, tselluloosile, paberile ja elektroonikale. Kanada ja USA on n\u00fc\u00fcd kaubanduss\u00f5jas, r\u00e4\u00e4kis Carney.<\/p>\n<p>Carney \u00fctles, et Kanada vastab USA uutele tollimaksudele samas mahus, et kaitsta Kanada t\u00f6\u00f6tajaid, p\u00f5llumehi, peresid ja ettev\u00f5tteid.<\/p>\n<p>USA kehtestatud tollimaksud m\u00f5jutavad ligi 20 miljardi dollari v\u00e4\u00e4rtuses Kanada kaupu. Need puudutavad muuhulgas veini-, m\u00f6\u00f6bli-, piima-, tsemendi- ja r\u00f5ivatooteid ning kalastus- ja hokivarustust.<\/p>\n<p>Carney s\u00f5nul esitas USA l\u00e4bir\u00e4\u00e4kimiste viimastel p\u00e4evadel uusi tingimusi, mis olid tema hinnangul Kanada jaoks majanduslikult ebam\u00f5istlikud ja eba\u00f5iglased.<\/p>\n<p>USA kaubandusesindaja Jamieson Greer nimetas k\u00f5neluste nurjumist Kanada jaoks k\u00e4estlastud v\u00f5imaluseks ning \u00fctles, et USA-l ei ole praegu plaanis Kanadaga uusi l\u00e4bir\u00e4\u00e4kimisi alustada.<\/p>\n<p>Carney s\u00f5nul m\u00f5jutavad \u00dchendriikide uued tollimaksud umbes viit protsenti Kanada ekspordist USA-sse. Kaubandusekspertide hinnangul v\u00f5ivad meetmed tekitada m\u00e4rkimisv\u00e4\u00e4rset kahju eelk\u00f5ige haavatavamatele sektoritele, sealhulgas okaspuidu- ja veinit\u00f6\u00f6stusele, ning tuua kaasa t\u00f6\u00f6kohtade kadumise ja ettev\u00f5tete sulgemise.<\/p>\n<p>Kanada valitsus plaanib j\u00e4rgmisel n\u00e4dalal teatada toetusmeetmetest t\u00f6\u00f6stusharudele, mida m\u00f5jutavad USA tollimaksud.<\/p>\n<p>Kanada peaminister on lubanud v\u00e4hendada riigi s\u00f5ltuvust USA turust. Ligikaudu 70 protsenti Kanada ekspordist l\u00e4heb praegu Ameerika \u00dchendriikidesse.<\/p>\n","protected":false},"excerpt":{"rendered":"8. septembrist hakkavad kehtima tollimaksud USA kaupadele, teatas Kanada peaminister Mark Carney. See on vastuseks USA kehtestatud 50-protsendilistele&hellip;\n","protected":false},"author":2,"featured_media":263481,"comment_status":"","ping_status":"","sticky":false,"template":"","format":"standard","meta":{"footnotes":"","_share_on_mastodon":"0"},"categories":[80],"tags":[26,27,37,33,35,34,36,31,32,21,1554,28,29,95,19,25,6731,23,24,22,325,20,30,92,93,94],"class_list":["post-263480","post","type-post","status-publish","format-standard","has-post-thumbnail","category-maailm","tag-breaking-news","tag-breakingnews","tag-ee","tag-eesti","tag-eesti-keel","tag-estonia","tag-estonian","tag-featured-news","tag-featurednews","tag-headlines","tag-kanada","tag-latest-news","tag-latestnews","tag-maailm","tag-news","tag-populaarseimad-lood","tag-tollimaks","tag-top-stories","tag-topstories","tag-uldised-uudised","tag-usa","tag-uudised","tag-viimased-uudised","tag-world","tag-world-news","tag-worldnews"],"share_on_mastodon":{"url":"https:\/\/pubeurope.com\/@ee\/117177432562928311","error":""},"_links":{"self":[{"href":"https:\/\/www.europesays.com\/ee\/wp-json\/wp\/v2\/posts\/263480","targetHints":{"allow":["GET"]}}],"collection":[{"href":"https:\/\/www.europesays.com\/ee\/wp-json\/wp\/v2\/posts"}],"about":[{"href":"https:\/\/www.europesays.com\/ee\/wp-json\/wp\/v2\/types\/post"}],"author":[{"embeddable":true,"href":"https:\/\/www.europesays.com\/ee\/wp-json\/wp\/v2\/users\/2"}],"replies":[{"embeddable":true,"href":"https:\/\/www.europesays.com\/ee\/wp-json\/wp\/v2\/comments?post=263480"}],"version-history":[{"count":0,"href":"https:\/\/www.europesays.com\/ee\/wp-json\/wp\/v2\/posts\/263480\/revisions"}],"wp:featuredmedia":[{"embeddable":true,"href":"https:\/\/www.europesays.com\/ee\/wp-json\/wp\/v2\/media\/263481"}],"wp:attachment":[{"href":"https:\/\/www.europesays.com\/ee\/wp-json\/wp\/v2\/media?parent=263480"}],"wp:term":[{"taxonomy":"category","embeddable":true,"href":"https:\/\/www.europesays.com\/ee\/wp-json\/wp\/v2\/categories?post=263480"},{"taxonomy":"post_tag","embeddable":true,"href":"https:\/\/www.europesays.com\/ee\/wp-json\/wp\/v2\/tags?post=263480"}],"curies":[{"name":"wp","href":"https:\/\/api.w.org\/{rel}","templated":true}]}}