{"id":263500,"date":"2026-08-29T07:04:11","date_gmt":"2026-08-29T07:04:11","guid":{"rendered":"https:\/\/www.europesays.com\/ee\/263500\/"},"modified":"2026-08-29T07:04:11","modified_gmt":"2026-08-29T07:04:11","slug":"werder-stardib-puhapaeval-mitu-nullimangu-teeb-esikinnas-hein-tanavu-soccernet-ee","status":"publish","type":"post","link":"https:\/\/www.europesays.com\/ee\/263500\/","title":{"rendered":"Werder stardib p\u00fchap\u00e4eval! Mitu nullim\u00e4ngu teeb esikinnas Hein t\u00e4navu? &#8211; Soccernet.ee"},"content":{"rendered":"<p><img decoding=\"async\" src=\"https:\/\/www.europesays.com\/ee\/wp-content\/uploads\/2026\/08\/1787952392.jpg\" alt=\"Karl Jakob Hein t\u00f5rjet\u00f6\u00f6d tegemas. Foto: Scanpix \/ IMAGO \/ Nordphoto\"\/>&#13;\n<\/p>\n<p>Soccernet.ee v\u00e4lismaa taskuh\u00e4\u00e4lingusaate &#8220;Udune Albion&#8221; 80. episoodis arutlesid Heiti Heli, Siim Martti Kubensky ja Gunnar Salu Eesti koondise esiv\u00e4ravavahi Karl Jakob Heina eelseisva hooaja \u00fcle. Mitu liigakohtumist ja nullim\u00e4ngu saab Hein t\u00e4navu kirja?<\/p>\n<p>Hein j\u00e4ttis lihaseprobleemi t\u00f5ttu vahele viimase hooajaeelse treeningm\u00e4ngu Auxerre&#8217;iga ning puudus ka Saksamaa karikav\u00f5istluste avaringi m\u00e4ngus L\u00fcnebergi Hansa vastu koosseisust. 28. augustil tegi aga Werderi loots Daniel Thioune teatavaks Eesti vutif\u00e4nnidele r\u00f5\u00f5mustava uudise. &#8220;Karlil pole enam lihasprobleeme ja ta alustab p\u00fchap\u00e4eval hooaega meie esinumbrina, teades, et [varuv\u00e4ravavaht] Alex Schlager suudab samuti h\u00e4sti m\u00e4ngida,&#8221; lausus ta.&#13;\n<\/p>\n<p>Ka Hein ise on ootus\u00e4revil, et Bundesliga avavooruks kindad k\u00e4tte t\u00f5mmata. &#8220;See elevus, mida tunned enne liigahooaja algust, on alati midagi erilist. Eriti kui n\u00e4ed, et teised liigad on juba alustanud ja f\u00e4nnid ootavad j\u00e4rjekorras, et m\u00e4nge vaadata. Seda on tore n\u00e4ha ja see lisab p\u00fchap\u00e4evase m\u00e4ngu eel elevust,&#8221; s\u00f5nas kindamees.\u00a0&#13;\n<\/p>\n<p>&#13;\n<\/p>\n<p>Sarnaselt Heinale on ootus\u00e4revil ka Eesti jalgpallif\u00e4nnid, sest m\u00f6\u00f6dunud hooajal sai eestlane Mio Backhausi asemel v\u00e4ravasuud kaitsta vaid kahes m\u00e4ngus. N\u00fc\u00fcd n\u00e4ib aga, et hea \u00f5nne korral v\u00f5iks Hein Werderi v\u00e4ravasuud kaitsta k\u00f5igis liigakohtumistes.\u00a0<\/p>\n<p>&#8220;34 liigam\u00e4ngu on kokku ja muidugi tahaks, et ta k\u00f5ik m\u00e4ngud m\u00e4ngiks. Loodame esiteks, et 30. augustil saab Freiburgi vastu m\u00e4ngida, see on p\u00f5him\u00f5tteline lahing, sest Freiburgil on v\u00e4ravas endine Werderi esikinnas Mio Backhaus. See oleks kindlasti \u00e4ge, kui ta seal m\u00e4ngu saaks. Jalgpall on selline m\u00e4ng, et tihtipeale vigastused tulevad, v\u00e4ga keeruline on \u00f6elda mingit konkreetset arvu,&#8221; ulatas Salu teatepulga edasi Kubenskyle.\u00a0&#13;\n<\/p>\n<p>&#8220;Ma annan sulle konkreetse vastuse! Ma usun, et Karl Jakob Hein on terve hooaja terve, stabiilne ja seet\u00f5ttu m\u00e4ngib 34 m\u00e4ngu. K\u00f5ik m\u00e4ngud on tema v\u00e4ravas,&#8221; s\u00f5nas Kubensky.&#13;\n<\/p>\n<p>&#8220;Sa oled ikka superentusiastlik inimene,&#8221; \u00fctles Salu seepeale. &#8220;Muidugi ma tahaks t\u00e4pselt sama \u00f6elda, aga ma v\u00f5tan natuke tagasi ja \u00fctleme, et Hein teeb 24 m\u00e4ngu.&#8221;&#13;\n<\/p>\n<p>&#8220;Ehk siis Alexander Schlager, Austria koondise esinumber, teeb k\u00fcmme sinu hinnangul,&#8221; vastas Heli. &#8220;L\u00e4heme j\u00e4rgmise k\u00fcsimuse juurde. Mitu nullim\u00e4ngu saab Hein kirja?&#8221;<\/p>\n<p>K\u00f5ige enam nullim\u00e4nge (15) tegi mullu Dortmundi Borussia kindamees Gregor Kobel. &#8220;\u00dctleme, et Hein m\u00e4ngib 24 m\u00e4ngu, siis \u00e4kki ta teeb kaheksa nullim\u00e4ngu. Kusjuures see on sama arv, kui palju tegi eelmine hooaeg Manuel Neuer,&#8221; arutles Salu.\u00a0&#13;\n<\/p>\n<p>Kubensky oli m\u00f5nev\u00f5rra positiivsem. &#8220;Ma arvestan sellega, et ta on k\u00f5ik m\u00e4ngud v\u00e4ravas. Aga nullim\u00e4ngudega on keeruline, protsent j\u00e4\u00e4b headel v\u00e4ravavahtidel enam-v\u00e4hem veerandi juurde. Ma pakun natuke \u00fcle veerandi ehk \u00fcheksa. See oleks tegelikult juba v\u00e4ga hea saavutus ja kui ta selleni k\u00fc\u00fcndib, v\u00f5ib rahul olla.&#8221;&#13;\n<\/p>\n<p>Freiburgi ja Werderi kohtumine Saksamaa k\u00f5rgliigas algab 30. augustil Eesti aja j\u00e4rgi kell 16.30.&#13;\n<\/p>\n<p>T\u00e4ispikk saade:\u00a0&#13;<\/p>\n","protected":false},"excerpt":{"rendered":"&#13; Soccernet.ee v\u00e4lismaa taskuh\u00e4\u00e4lingusaate &#8220;Udune Albion&#8221; 80. episoodis arutlesid Heiti Heli, Siim Martti Kubensky ja Gunnar Salu Eesti&hellip;\n","protected":false},"author":2,"featured_media":263501,"comment_status":"","ping_status":"","sticky":false,"template":"","format":"standard","meta":{"footnotes":"","_share_on_mastodon":"0"},"categories":[5],"tags":[100229,26,27,4102,526,37,33,35,34,36,31,32,56887,21,532,36109,10965,536,102120,28,29,19,25,7703,100230,23,24,102121,100231,22,20,30,539,8908],"class_list":["post-263500","post","type-post","status-publish","format-standard","has-post-thumbnail","category-uldised-uudised","tag-albion","tag-breaking-news","tag-breakingnews","tag-bremen","tag-bremeni-werder","tag-ee","tag-eesti","tag-eesti-keel","tag-estonia","tag-estonian","tag-featured-news","tag-featurednews","tag-gunnar-salu","tag-headlines","tag-hein","tag-heiti-heli","tag-heli","tag-karl-jakob-hein","tag-kubensky","tag-latest-news","tag-latestnews","tag-news","tag-populaarseimad-lood","tag-salu","tag-siim-martti-kubensky","tag-top-stories","tag-topstories","tag-udune","tag-udune-albion","tag-uldised-uudised","tag-uudised","tag-viimased-uudised","tag-werder","tag-werder-bremen"],"share_on_mastodon":{"url":"https:\/\/pubeurope.com\/@ee\/117177527151270852","error":""},"_links":{"self":[{"href":"https:\/\/www.europesays.com\/ee\/wp-json\/wp\/v2\/posts\/263500","targetHints":{"allow":["GET"]}}],"collection":[{"href":"https:\/\/www.europesays.com\/ee\/wp-json\/wp\/v2\/posts"}],"about":[{"href":"https:\/\/www.europesays.com\/ee\/wp-json\/wp\/v2\/types\/post"}],"author":[{"embeddable":true,"href":"https:\/\/www.europesays.com\/ee\/wp-json\/wp\/v2\/users\/2"}],"replies":[{"embeddable":true,"href":"https:\/\/www.europesays.com\/ee\/wp-json\/wp\/v2\/comments?post=263500"}],"version-history":[{"count":0,"href":"https:\/\/www.europesays.com\/ee\/wp-json\/wp\/v2\/posts\/263500\/revisions"}],"wp:featuredmedia":[{"embeddable":true,"href":"https:\/\/www.europesays.com\/ee\/wp-json\/wp\/v2\/media\/263501"}],"wp:attachment":[{"href":"https:\/\/www.europesays.com\/ee\/wp-json\/wp\/v2\/media?parent=263500"}],"wp:term":[{"taxonomy":"category","embeddable":true,"href":"https:\/\/www.europesays.com\/ee\/wp-json\/wp\/v2\/categories?post=263500"},{"taxonomy":"post_tag","embeddable":true,"href":"https:\/\/www.europesays.com\/ee\/wp-json\/wp\/v2\/tags?post=263500"}],"curies":[{"name":"wp","href":"https:\/\/api.w.org\/{rel}","templated":true}]}}