{"id":263508,"date":"2026-08-29T07:23:11","date_gmt":"2026-08-29T07:23:11","guid":{"rendered":"https:\/\/www.europesays.com\/ee\/263508\/"},"modified":"2026-08-29T07:23:11","modified_gmt":"2026-08-29T07:23:11","slug":"video-portugali-korvpallikoondis-alistas-esimest-korda-ametlikus-mangus-hispaania","status":"publish","type":"post","link":"https:\/\/www.europesays.com\/ee\/263508\/","title":{"rendered":"VIDEO | Portugali korvpallikoondis alistas esimest korda ametlikus m\u00e4ngus Hispaania"},"content":{"rendered":"<p>Zaragozas peetud kohtumine oli tasav\u00e4gine, kuid Portugal haaras initsiatiivi juba avapoolajal. Hispaania alustas teist veerandaega 15:3 spurdiga, kuid Portugal tuli m\u00e4ngu tagasi ning l\u00e4ks teisele poolajale vastu 47:41 eduseisus. <\/p>\n<p>Kolmandal veerandil j\u00f5udis Hispaania 71:71 viigini, kuid otsustaval veerandil suutis Portugal taas vahe sisse teha. Kolm minutit enne l\u00f5ppu juhtisid k\u00fclalised juba 87:78 ning Hispaania enam m\u00e4ngu p\u00e4\u00e4sta ei suutnud.<\/p>\n<p>Portugali poolt viskas enim punkte Travante Williams, kelle arvele j\u00e4i 22 punkti ja Diogo Ventura lisas 19 silma. Portugali ainus NBA m\u00e4ngija Neemias Queta oli platsil 25 minutit, mille jooksul viskas 16 punkti ja v\u00f5ttis \u00fcheksa lauapalli. Ta tabas v\u00e4ljakult k\u00fcmnest viskest viis ning realiseeris k\u00f5ik kuus vabaviset. 27-aastane keskm\u00e4ngija s\u00f5lmis hiljuti Boston Celticsiga nelja-aastase 56 miljoni dollari suuruse lepingu.<\/p>\n<p>Hispaania parimad olid Dario Brizuela 19 ja \u00c1lvaro C\u00e1rdenas 18 punktiga. Hispaania koosseisu kuulus ka mitu NBA taustaga meest, kuid nelja NBA-m\u00e4ngija v\u00f5i v\u00e4rske draftivaliku peale kogunes vaid 15 punkti. Oklahoma City Thunderi t\u00e4navuse drafti 12. valik Aday Mara viskas 12 punkti ja v\u00f5ttis kuus lauapalli.<\/p>\n<p>Portugal sai I-alagrupis kirja neljanda v\u00f5idu kolme kaotuse k\u00f5rvale. Sama palju v\u00f5ite ja kaotusi on ka Montenegrol ning Gruusial. Hispaania ja Ukraina jagavad grupis liidrikohta (5:2). Kolme v\u00f5idu ja nelja kaotusega on grupi viimane praegu Kreeka. MM-finaalturniirile p\u00e4\u00e4seb grupist kolm paremat.<\/p>\n<p>Kuidas see lugu Sind end tundma pani?Saada<a href=\"https:\/\/sport.delfi.ee\/artikkel\/120606929\/video-portugali-korvpallikoondis-alistas-esimest-korda-ametlikus-mangus-hispaania\/kommentaarid\" class=\"button button--primary button--size-auto article-body-bottom__comment article-body-bottom__comment--write\" style=\"\" rel=\"nofollow noopener\" target=\"_blank\">Kommenteeri<\/a><a href=\"https:\/\/sport.delfi.ee\/artikkel\/120606929\/video-portugali-korvpallikoondis-alistas-esimest-korda-ametlikus-mangus-hispaania\/kommentaarid\" class=\"button button--size-auto article-body-bottom__comment article-body-bottom__comment--read\" style=\"\" rel=\"nofollow noopener\" target=\"_blank\">Loe kommentaare (1)<\/a><\/p>\n","protected":false},"excerpt":{"rendered":"Zaragozas peetud kohtumine oli tasav\u00e4gine, kuid Portugal haaras initsiatiivi juba avapoolajal. Hispaania alustas teist veerandaega 15:3 spurdiga, kuid&hellip;\n","protected":false},"author":2,"featured_media":263509,"comment_status":"","ping_status":"","sticky":false,"template":"","format":"standard","meta":{"footnotes":"","_share_on_mastodon":"0"},"categories":[18],"tags":[37,33,35,34,36,110,102116,159,158],"class_list":["post-263508","post","type-post","status-publish","format-standard","has-post-thumbnail","category-sport","tag-ee","tag-eesti","tag-eesti-keel","tag-estonia","tag-estonian","tag-hispaania","tag-portugali-korvpallikoondis","tag-sport","tag-sports"],"share_on_mastodon":{"url":"https:\/\/pubeurope.com\/@ee\/117177601370930694","error":""},"_links":{"self":[{"href":"https:\/\/www.europesays.com\/ee\/wp-json\/wp\/v2\/posts\/263508","targetHints":{"allow":["GET"]}}],"collection":[{"href":"https:\/\/www.europesays.com\/ee\/wp-json\/wp\/v2\/posts"}],"about":[{"href":"https:\/\/www.europesays.com\/ee\/wp-json\/wp\/v2\/types\/post"}],"author":[{"embeddable":true,"href":"https:\/\/www.europesays.com\/ee\/wp-json\/wp\/v2\/users\/2"}],"replies":[{"embeddable":true,"href":"https:\/\/www.europesays.com\/ee\/wp-json\/wp\/v2\/comments?post=263508"}],"version-history":[{"count":0,"href":"https:\/\/www.europesays.com\/ee\/wp-json\/wp\/v2\/posts\/263508\/revisions"}],"wp:featuredmedia":[{"embeddable":true,"href":"https:\/\/www.europesays.com\/ee\/wp-json\/wp\/v2\/media\/263509"}],"wp:attachment":[{"href":"https:\/\/www.europesays.com\/ee\/wp-json\/wp\/v2\/media?parent=263508"}],"wp:term":[{"taxonomy":"category","embeddable":true,"href":"https:\/\/www.europesays.com\/ee\/wp-json\/wp\/v2\/categories?post=263508"},{"taxonomy":"post_tag","embeddable":true,"href":"https:\/\/www.europesays.com\/ee\/wp-json\/wp\/v2\/tags?post=263508"}],"curies":[{"name":"wp","href":"https:\/\/api.w.org\/{rel}","templated":true}]}}