{"id":263550,"date":"2026-08-29T08:44:08","date_gmt":"2026-08-29T08:44:08","guid":{"rendered":"https:\/\/www.europesays.com\/ee\/263550\/"},"modified":"2026-08-29T08:44:08","modified_gmt":"2026-08-29T08:44:08","slug":"onnetuse-pohjustanud-hooletu-juht-toi-veidral-kombel-liiklusesse-ka-kasu","status":"publish","type":"post","link":"https:\/\/www.europesays.com\/ee\/263550\/","title":{"rendered":"\u00d5nnetuse p\u00f5hjustanud hooletu juht t\u00f5i veidral kombel liiklusesse ka kasu"},"content":{"rendered":"<p>Reede \u00f5htul kella poole \u00fcheksa ajal leidis Tartus Vasara ja Sepa t\u00e4nava ristmikul aset liiklus\u00f5nnetus, mille puhul v\u00f5ib \u00f6elda, et \u00fche juhi hooletus t\u00f5i saadud kahju k\u00f5rval ka kasu. \u00d5nnetuse ohver ja viga saanu osutus olema tugevas joobes mees, kes viidi haiglasse. Seega \u00fcks purjus juht oli reede\u00f5htuses liikluses p\u00e4rast seda v\u00e4hem.<\/p>\n<p>\u00d5nnetuse t\u00e4psemad asjaolud on j\u00e4rgmised.<\/p>\n","protected":false},"excerpt":{"rendered":"Reede \u00f5htul kella poole \u00fcheksa ajal leidis Tartus Vasara ja Sepa t\u00e4nava ristmikul aset liiklus\u00f5nnetus, mille puhul v\u00f5ib&hellip;\n","protected":false},"author":2,"featured_media":263551,"comment_status":"","ping_status":"","sticky":false,"template":"","format":"standard","meta":{"footnotes":"","_share_on_mastodon":"0"},"categories":[12],"tags":[102141,26,27,37,33,35,34,36,31,32,15142,21,15242,28,29,349,19,102142,102138,6002,353,25,14759,102140,12064,32987,23,24,22,20,102139,30],"class_list":["post-263550","post","type-post","status-publish","format-standard","has-post-thumbnail","category-eesti","tag-autokahjud","tag-breaking-news","tag-breakingnews","tag-ee","tag-eesti","tag-eesti-keel","tag-estonia","tag-estonian","tag-featured-news","tag-featurednews","tag-haigla","tag-headlines","tag-joobes-juht","tag-latest-news","tag-latestnews","tag-liiklusonnetus","tag-news","tag-onnetuse-uurimine","tag-opel-vectra","tag-paastjad","tag-politsei","tag-populaarseimad-lood","tag-ristmik","tag-sepa-tanav","tag-skoda-octavia","tag-tartus","tag-top-stories","tag-topstories","tag-uldised-uudised","tag-uudised","tag-vasara-tanav","tag-viimased-uudised"],"share_on_mastodon":{"url":"https:\/\/pubeurope.com\/@ee\/117177920182492600","error":""},"_links":{"self":[{"href":"https:\/\/www.europesays.com\/ee\/wp-json\/wp\/v2\/posts\/263550","targetHints":{"allow":["GET"]}}],"collection":[{"href":"https:\/\/www.europesays.com\/ee\/wp-json\/wp\/v2\/posts"}],"about":[{"href":"https:\/\/www.europesays.com\/ee\/wp-json\/wp\/v2\/types\/post"}],"author":[{"embeddable":true,"href":"https:\/\/www.europesays.com\/ee\/wp-json\/wp\/v2\/users\/2"}],"replies":[{"embeddable":true,"href":"https:\/\/www.europesays.com\/ee\/wp-json\/wp\/v2\/comments?post=263550"}],"version-history":[{"count":0,"href":"https:\/\/www.europesays.com\/ee\/wp-json\/wp\/v2\/posts\/263550\/revisions"}],"wp:featuredmedia":[{"embeddable":true,"href":"https:\/\/www.europesays.com\/ee\/wp-json\/wp\/v2\/media\/263551"}],"wp:attachment":[{"href":"https:\/\/www.europesays.com\/ee\/wp-json\/wp\/v2\/media?parent=263550"}],"wp:term":[{"taxonomy":"category","embeddable":true,"href":"https:\/\/www.europesays.com\/ee\/wp-json\/wp\/v2\/categories?post=263550"},{"taxonomy":"post_tag","embeddable":true,"href":"https:\/\/www.europesays.com\/ee\/wp-json\/wp\/v2\/tags?post=263550"}],"curies":[{"name":"wp","href":"https:\/\/api.w.org\/{rel}","templated":true}]}}