{"id":263562,"date":"2026-08-29T09:03:16","date_gmt":"2026-08-29T09:03:16","guid":{"rendered":"https:\/\/www.europesays.com\/ee\/263562\/"},"modified":"2026-08-29T09:03:16","modified_gmt":"2026-08-29T09:03:16","slug":"haaland-ja-cherki-varjutasid-pino-karistusloogi-ja-donnarumma-omavarava-soccernet-ee","status":"publish","type":"post","link":"https:\/\/www.europesays.com\/ee\/263562\/","title":{"rendered":"Haaland ja Cherki varjutasid Pino karistusl\u00f6\u00f6gi ja Donnarumma omav\u00e4rava &#8211; Soccernet.ee"},"content":{"rendered":"<p><img decoding=\"async\" src=\"https:\/\/www.europesays.com\/ee\/wp-content\/uploads\/2026\/08\/1787949829.jpg\" alt=\"Rayan Cherki ja Erling Haaland. Foto: Scanpix \/ Kin Cheung \/ AP Photo\"\/>&#13;\n<\/p>\n<p>Manchester City j\u00e4tkab Inglismaa k\u00f5rgliigas t\u00e4iseduga, alistasdes uue hooaja teises voorus v\u00f5\u00f5rsil 4:1 Crystal Palace&#8217;i, kes sai teise kaotuse j\u00e4rjest.<\/p>\n<p>Manchester City avas skoori 17. minutil, kui uue soenguga Erling Haaland kerkis Palace&#8217;i karistusalas k\u00f5ige k\u00f5rgemale ja suunas Antoine Semenyo tsenderduse peaga v\u00f5rku, avades sellega oma hooaja v\u00e4ravasaldo. Superkarikafinaalis Arsenali ja liigahooaja avavoorus Bournemouthi vastu j\u00e4i Haaland kuivale.\u00a0&#13;\n<\/p>\n<p>Teisel poolajal suurendas City eduseisu Rayan Cherki, kes skooris Phil Fodeni eelt\u00f6\u00f6 j\u00e4rel. Palace l\u00f5i vaid kaks minutit hiljem \u00fche v\u00e4rava tagasi, kui Yeremy Pino karistusl\u00f6\u00f6k lendas latti ning pall p\u00f5rkas Gianluigi Donnarumma selja ja posti kaudu v\u00e4ravasse. City taastas kiiresti kahev\u00e4ravalise eduseisu, kui Cherki l\u00f6\u00f6k umbes 20 meetrilt lendas riko\u0161etist v\u00f5rku. L\u00f5ppseisu vormistas Haaland 84. minutil Fodeni s\u00f6\u00f6dust.&#13;\n<\/p>\n<p>Haaland sai senise Premier League&#8217;i karj\u00e4\u00e4ri jooksul kirja oma 23. ja 24. v\u00e4rava augustikuus, millest enamat on suutnud vaid Andy Cole. City kangelaseks kerkinud Cherki on aga kahe esimese vooruga saanud kirja kaks v\u00e4ravat ja kaks v\u00e4ravas\u00f6\u00f6tu &#8211; varem on sama saavutusega hakkama saanud vaid Thierry Henry 2004\/2005 ja Didier Drogba 2010\/2011 hooajal.&#13;<\/p>\n","protected":false},"excerpt":{"rendered":"&#13; Manchester City j\u00e4tkab Inglismaa k\u00f5rgliigas t\u00e4iseduga, alistasdes uue hooaja teises voorus v\u00f5\u00f5rsil 4:1 Crystal Palace&#8217;i, kes sai&hellip;\n","protected":false},"author":2,"featured_media":263563,"comment_status":"","ping_status":"","sticky":false,"template":"","format":"standard","meta":{"footnotes":"","_share_on_mastodon":"0"},"categories":[18],"tags":[47643,6937,1099,37,33,35,18681,1888,34,36,6385,1101,806,1614,1106,1107,808,62213,159,158],"class_list":["post-263562","post","type-post","status-publish","format-standard","has-post-thumbnail","category-sport","tag-cherki","tag-city","tag-crystal-palace","tag-ee","tag-eesti","tag-eesti-keel","tag-enzo-maresca","tag-erling-haaland","tag-estonia","tag-estonian","tag-haaland","tag-inglismaa","tag-inglismaa-korgliiga","tag-manchester-city","tag-maresca","tag-palace","tag-premier-league","tag-rayan-cherki","tag-sport","tag-sports"],"share_on_mastodon":{"url":"https:\/\/pubeurope.com\/@ee\/117177994969957749","error":""},"_links":{"self":[{"href":"https:\/\/www.europesays.com\/ee\/wp-json\/wp\/v2\/posts\/263562","targetHints":{"allow":["GET"]}}],"collection":[{"href":"https:\/\/www.europesays.com\/ee\/wp-json\/wp\/v2\/posts"}],"about":[{"href":"https:\/\/www.europesays.com\/ee\/wp-json\/wp\/v2\/types\/post"}],"author":[{"embeddable":true,"href":"https:\/\/www.europesays.com\/ee\/wp-json\/wp\/v2\/users\/2"}],"replies":[{"embeddable":true,"href":"https:\/\/www.europesays.com\/ee\/wp-json\/wp\/v2\/comments?post=263562"}],"version-history":[{"count":0,"href":"https:\/\/www.europesays.com\/ee\/wp-json\/wp\/v2\/posts\/263562\/revisions"}],"wp:featuredmedia":[{"embeddable":true,"href":"https:\/\/www.europesays.com\/ee\/wp-json\/wp\/v2\/media\/263563"}],"wp:attachment":[{"href":"https:\/\/www.europesays.com\/ee\/wp-json\/wp\/v2\/media?parent=263562"}],"wp:term":[{"taxonomy":"category","embeddable":true,"href":"https:\/\/www.europesays.com\/ee\/wp-json\/wp\/v2\/categories?post=263562"},{"taxonomy":"post_tag","embeddable":true,"href":"https:\/\/www.europesays.com\/ee\/wp-json\/wp\/v2\/tags?post=263562"}],"curies":[{"name":"wp","href":"https:\/\/api.w.org\/{rel}","templated":true}]}}