{"id":263566,"date":"2026-08-29T09:14:19","date_gmt":"2026-08-29T09:14:19","guid":{"rendered":"https:\/\/www.europesays.com\/ee\/263566\/"},"modified":"2026-08-29T09:14:19","modified_gmt":"2026-08-29T09:14:19","slug":"steven-hristo-evestus-suveteatris-on-oluline-publikut-konetav-kohavalik-terevisioon","status":"publish","type":"post","link":"https:\/\/www.europesays.com\/ee\/263566\/","title":{"rendered":"Steven-Hristo Evestus: suveteatris on oluline publikut k\u00f5netav kohavalik | Terevisioon"},"content":{"rendered":"<p>Sel suvel 30 suvelavastust k\u00fclastanud teatris\u00f5ber Steven-Hristo Evestus r\u00e4\u00e4kis &#8220;Terevisioonis&#8221;, et suveteatri eelis ongi pakkuda v\u00f5imalusi eriliste kohtade n\u00e4ol, kus tekitada maailmu, mis publikut k\u00f5netavad. Evestuse s\u00f5nul paneb see m\u00f5tlema, kui oluline koht on meeskonna ideel ja valikul, kus lavastus s\u00fcnnib. <\/p>\n<p>&#8220;See annab hea v\u00f5imaluse heita Eestimaale pilk peale. Suveteatri \u00fcks m\u00f5te on avastada uusi Eestimaa paikasid,&#8221; \u00fctles teatris\u00f5ber Steven-Hristo Evestus, kes on sel suvel k\u00fclastanud ligi 30 teatrietendust.<\/p>\n<p>&#8220;Kogu see lugu p\u00f5hjustab paljudele segadust, valu ja pettumust. Viimase uudise kohaselt l\u00f5petas Draamateater noore algava lavastaja Oliver Reimanniga lepingu ja see on oluline m\u00e4rk, sest teater ei saa lubada endale kaksikmoraali. Kui on eksitud, tuleb ka vastutus v\u00f5tta ja see oli ainu\u00f5ige lahendus. Oliver Reimanni juhtumile otsa vaadates tekib hulk k\u00fcsimusi ja \u00fcks neist on see, miks lugu avalikustati kolm aastat hiljem. Tuleb arvestada ka sellega, et tegemist oli kriminaalkuriteo tunnustega ja iga kriminaalmenetlus peab toimuma \u00f5igel ajal, mis t\u00e4hendab seda, et esimene \u00fclesanne igal ohvril on otsida kaitset \u00f5iguskaitseasutustelt,&#8221; kommenteeris Evestus sel n\u00e4dalal lahvatanud skandaali, kus kolm aastat tagasi pani teatrikooli tudeng Oliver Reimann oma kaaslaste jookide sisse keelatud aineid.<\/p>\n<p>T\u00e4navune teatrisuvi oli lavastuste headuse temperatuuri poolest pigem jahedam. &#8220;Keskp\u00e4rasust oli palju,&#8221; nentis Evestus.<\/p>\n<p>Teatris\u00f5bra k\u00f5ige v\u00e4rskem kogemus p\u00e4rineb eelmisest \u00f5htust, mil ta k\u00fclastas Musta Kasti laudakabareed &#8220;Ruik&#8221;, mida m\u00e4ngiti Eesti P\u00f5llumajandusmuuseumis. &#8220;See on p\u00e4ris hea ideega loodud lavastus, kus sead r\u00e4\u00e4givad meile \u00fchiskonnast, kus me praegu elame,&#8221; t\u00f5des Evestus. &#8220;Laudakabaree tasub kindlasti vaatamist ka j\u00e4rgmisel suvel.&#8221;<\/p>\n<p>Teatrisuve k\u00f5rgpunktidest toob Evestus v\u00e4lja veel Liivi muuseumis etendunud &#8220;Alguskokkuk\u00f5la. Juhan Liivi lugu&#8221;, mis t\u00e4histab v\u00e4ga meeldivat kohtumist kohavaimuga. &#8220;Kui l\u00e4hed rehetallu, kus Liiv kunagi on reaalselt tegutsenud ja kirjutanud, l\u00f6\u00f6b see k\u00f5ik elama ja rikastab su enda vaimu,&#8221; nentis Evestus.<\/p>\n<p>\u00dcks v\u00f5tmes\u00f5na, miks t\u00e4navu m\u00f5ned asjad nii tugevalt eristusid, oli see, et lisatud oli ka koor. &#8220;Liivi muuseumis n\u00e4iteks v\u00f5ttis osa kammerkoor &#8220;Head \u00f6\u00f6d, vend&#8221;.&#8221;<\/p>\n<p>Sellesse ritta lisab Evestus ka Priit P\u00f5ldma, Joel V\u00e4li, Maarja Moori ja Aare Pilve &#8220;L\u00fchem kui elu&#8221;, mis toimus Viljandi vanas monstrumhaiglas. &#8220;K\u00f5ik see paneb m\u00f5tlema, kui oluline oht on meeskonna ideel ja valikul, kus see lavastus s\u00fcnnib. See ongi suveteatri eelis, lahkuda teatrisaalist ja pakkuda v\u00f5imalusi eriliste kohtade n\u00e4ol, kus tekitada maailmu, mis publikut k\u00f5netavad.&#8221;<\/p>\n<p>Evestuse s\u00f5nul on Saueaugu teatritalu mingil m\u00e4\u00e4ral kohavaimu maaletooja ja t\u00e4histas 25. s\u00fcnnip\u00e4eva. &#8220;Liivi muuseum, rehetared, v\u00f5psikud ja m\u00f5nes kohas ei olegi enam maja alles, v\u00f5ivad omada v\u00e4ga erilist t\u00e4hendust,&#8221; nentis Evestus.<\/p>\n<p>Suure kummarduse teeb Evestus Piret Jaaksile, kes on huvitava naiste loo kokku kirjutanud ja \u00e4ratanud ellu Miina H\u00e4rma, Anna Haava ja Aino Tamme R.A.A.A.M-i lavastuses &#8220;H\u00f5be&#8221;. &#8220;Kultuurilugu oli ellu \u00e4ratatud ja meieni toodud v\u00e4ga k\u00f5netavas v\u00f5tmes,&#8221; s\u00f5nas Evestus.<\/p>\n<p>Christopher Rajaveer tegi sel aastal v\u00e4ga suurep\u00e4rase \u00fcmberkehastumise helilooja ja astronoom Urmas Sisaskiks suvelavastuses &#8220;Ood armastusele. Urmas Sisaski lugu&#8221;. &#8220;N\u00e4gime, kuidas v\u00e4\u00e4rtustada teistsugust inimest meie \u00fchiskonnas ja mis \u00fcldse tingib \u00fchiskonnas selle, et sa j\u00e4\u00e4d \u00e4\u00e4realale. Sinna v\u00f5ib j\u00e4\u00e4da ka v\u00e4ga andekas inimene,&#8221; t\u00f5i Evestus v\u00e4lja.<\/p>\n","protected":false},"excerpt":{"rendered":"Sel suvel 30 suvelavastust k\u00fclastanud teatris\u00f5ber Steven-Hristo Evestus r\u00e4\u00e4kis &#8220;Terevisioonis&#8221;, et suveteatri eelis ongi pakkuda v\u00f5imalusi eriliste kohtade&hellip;\n","protected":false},"author":2,"featured_media":263567,"comment_status":"","ping_status":"","sticky":false,"template":"","format":"standard","meta":{"footnotes":"","_share_on_mastodon":"0"},"categories":[16],"tags":[102151,37,33,35,173,34,36,11501,80552,140,87688,101081,19020],"class_list":["post-263566","post","type-post","status-publish","format-standard","has-post-thumbnail","category-meelelahutus","tag-alguskokkukola-juhan-liivi-lugu","tag-ee","tag-eesti","tag-eesti-keel","tag-entertainment","tag-estonia","tag-estonian","tag-hobe","tag-luhem-kui-elu","tag-meelelahutus","tag-ood-armastusele-urmas-sisaski-lugu","tag-ruik","tag-steven-hristo-evestus"],"share_on_mastodon":{"url":"https:\/\/pubeurope.com\/@ee\/117178037999070224","error":""},"_links":{"self":[{"href":"https:\/\/www.europesays.com\/ee\/wp-json\/wp\/v2\/posts\/263566","targetHints":{"allow":["GET"]}}],"collection":[{"href":"https:\/\/www.europesays.com\/ee\/wp-json\/wp\/v2\/posts"}],"about":[{"href":"https:\/\/www.europesays.com\/ee\/wp-json\/wp\/v2\/types\/post"}],"author":[{"embeddable":true,"href":"https:\/\/www.europesays.com\/ee\/wp-json\/wp\/v2\/users\/2"}],"replies":[{"embeddable":true,"href":"https:\/\/www.europesays.com\/ee\/wp-json\/wp\/v2\/comments?post=263566"}],"version-history":[{"count":0,"href":"https:\/\/www.europesays.com\/ee\/wp-json\/wp\/v2\/posts\/263566\/revisions"}],"wp:featuredmedia":[{"embeddable":true,"href":"https:\/\/www.europesays.com\/ee\/wp-json\/wp\/v2\/media\/263567"}],"wp:attachment":[{"href":"https:\/\/www.europesays.com\/ee\/wp-json\/wp\/v2\/media?parent=263566"}],"wp:term":[{"taxonomy":"category","embeddable":true,"href":"https:\/\/www.europesays.com\/ee\/wp-json\/wp\/v2\/categories?post=263566"},{"taxonomy":"post_tag","embeddable":true,"href":"https:\/\/www.europesays.com\/ee\/wp-json\/wp\/v2\/tags?post=263566"}],"curies":[{"name":"wp","href":"https:\/\/api.w.org\/{rel}","templated":true}]}}