{"id":263570,"date":"2026-08-29T09:17:10","date_gmt":"2026-08-29T09:17:10","guid":{"rendered":"https:\/\/www.europesays.com\/ee\/263570\/"},"modified":"2026-08-29T09:17:10","modified_gmt":"2026-08-29T09:17:10","slug":"neuroteadlane-seab-kahtluse-alla-idee-et-aju-teeb-otsuseid-asi-on-palju-keerulisem-2","status":"publish","type":"post","link":"https:\/\/www.europesays.com\/ee\/263570\/","title":{"rendered":"Neuroteadlane seab kahtluse alla idee, et aju \u00abteeb\u00bb otsuseid \u2013 asi on palju keerulisem"},"content":{"rendered":"<p>Meile tundub enesestm\u00f5istetav, et k\u00f5igepealt tajume olukorda, siis langetame otsuse ja l\u00f5puks tegutseme. \u00dcks neuroteadlane v\u00e4idab aga, et aju ei pruugi sellist kolmeetapilist rada \u00fcldse kasutada ning eraldi \u00abotsustajat\u00bb polegi vaja. \u00dcllatava vihje annab lihtne robot, kelle k\u00e4itumine n\u00e4ib eesm\u00e4rgip\u00e4rane isegi siis, kui tema sisse pole programmeeritud v\u00e4himatki otsustusv\u00f5imet.<\/p>\n","protected":false},"excerpt":{"rendered":"Meile tundub enesestm\u00f5istetav, et k\u00f5igepealt tajume olukorda, siis langetame otsuse ja l\u00f5puks tegutseme. \u00dcks neuroteadlane v\u00e4idab aga, et&hellip;\n","protected":false},"author":2,"featured_media":263571,"comment_status":"","ping_status":"","sticky":false,"template":"","format":"standard","meta":{"footnotes":"","_share_on_mastodon":"0"},"categories":[80],"tags":[286,313,297,301,281,26,27,37,33,35,311,34,36,31,32,309,282,315,21,307,304,287,302,28,29,291,285,283,305,95,310,303,299,19,298,289,25,314,296,290,312,300,169,284,292,280,295,308,23,24,22,293,288,20,294,30,92,93,94,306],"class_list":["post-263570","post","type-post","status-publish","format-standard","has-post-thumbnail","category-maailm","tag-ajalugu","tag-antiigiaeg","tag-arheoloogia","tag-asteroid","tag-biograafia","tag-breaking-news","tag-breakingnews","tag-ee","tag-eesti","tag-eesti-keel","tag-elusloodus","tag-estonia","tag-estonian","tag-featured-news","tag-featurednews","tag-geneetika","tag-geograafia","tag-geoloogia","tag-headlines","tag-kaitumine","tag-keskkond","tag-kosmos","tag-kosmoselaev","tag-latest-news","tag-latestnews","tag-leiutaja","tag-loodus","tag-loodusteadus","tag-loomad","tag-maailm","tag-malu","tag-nasa","tag-new-scientist","tag-news","tag-okoloogia","tag-planeet","tag-populaarseimad-lood","tag-pronksiaeg","tag-psuhholoogia","tag-rakett","tag-rauaaeg","tag-satelliit","tag-statistika","tag-tapisteadus","tag-teadlane","tag-teadus","tag-teadustoo","tag-tervis","tag-top-stories","tag-topstories","tag-uldised-uudised","tag-ulikool","tag-universum","tag-uudised","tag-uuring","tag-viimased-uudised","tag-world","tag-world-news","tag-worldnews","tag-zooloogia"],"share_on_mastodon":{"url":"","error":"Validation failed: Text character limit of 500 exceeded"},"_links":{"self":[{"href":"https:\/\/www.europesays.com\/ee\/wp-json\/wp\/v2\/posts\/263570","targetHints":{"allow":["GET"]}}],"collection":[{"href":"https:\/\/www.europesays.com\/ee\/wp-json\/wp\/v2\/posts"}],"about":[{"href":"https:\/\/www.europesays.com\/ee\/wp-json\/wp\/v2\/types\/post"}],"author":[{"embeddable":true,"href":"https:\/\/www.europesays.com\/ee\/wp-json\/wp\/v2\/users\/2"}],"replies":[{"embeddable":true,"href":"https:\/\/www.europesays.com\/ee\/wp-json\/wp\/v2\/comments?post=263570"}],"version-history":[{"count":0,"href":"https:\/\/www.europesays.com\/ee\/wp-json\/wp\/v2\/posts\/263570\/revisions"}],"wp:featuredmedia":[{"embeddable":true,"href":"https:\/\/www.europesays.com\/ee\/wp-json\/wp\/v2\/media\/263571"}],"wp:attachment":[{"href":"https:\/\/www.europesays.com\/ee\/wp-json\/wp\/v2\/media?parent=263570"}],"wp:term":[{"taxonomy":"category","embeddable":true,"href":"https:\/\/www.europesays.com\/ee\/wp-json\/wp\/v2\/categories?post=263570"},{"taxonomy":"post_tag","embeddable":true,"href":"https:\/\/www.europesays.com\/ee\/wp-json\/wp\/v2\/tags?post=263570"}],"curies":[{"name":"wp","href":"https:\/\/api.w.org\/{rel}","templated":true}]}}