{"id":263574,"date":"2026-08-29T09:26:09","date_gmt":"2026-08-29T09:26:09","guid":{"rendered":"https:\/\/www.europesays.com\/ee\/263574\/"},"modified":"2026-08-29T09:26:09","modified_gmt":"2026-08-29T09:26:09","slug":"asendus-leitud-egiptuse-kuninga-ulisuuri-saapaid-asub-liverpoolis-taitma-prantsusmaa-koondislane-soccernet-ee","status":"publish","type":"post","link":"https:\/\/www.europesays.com\/ee\/263574\/","title":{"rendered":"Asendus leitud! Egiptuse kuninga \u00fclisuuri saapaid asub Liverpoolis t\u00e4itma Prantsusmaa koondislane &#8211; Soccernet.ee"},"content":{"rendered":"<p><img decoding=\"async\" src=\"https:\/\/www.europesays.com\/ee\/wp-content\/uploads\/2026\/08\/1787990781.jpg\" alt=\"Pikkade vestluste j\u00e4rel on Bradlay Barcola Liverpooli mees. Foto: Scanpix \/ Lynne Sladky \/ AP Photo\"\/>&#13;\n<\/p>\n<p>BBC kirjutab, et Liverpool j\u00f5udis Pariisi Saint-Germainiga kokkuleppele \u00e4\u00e4rer\u00fcndaja Bradley Barcola \u00fclemineku osas.\u00a0<\/p>\n<p>Esmalt soovis Prantsusmaa meisterklubi r\u00fcndaja eest 145 miljonit naelsterlingit, ent Liverpool kauples \u00fcleminekusumma 106 miljonile naelale, millele v\u00f5ib boonustena lisanduda veel\u00a0 17 miljonit naela. Inglismaa v\u00e4ljaande andmetel l\u00e4bib 23-aastane Barcola sel n\u00e4dalavahetusel meditsiinilise \u00fclevaatuse ning s\u00f5lmib seej\u00e4rel pikaajalise lepingu. Mitmete allikate hinnangul s\u00f5lmib Barcola Liverpooliga viieaastase lepingu.\u00a0&#13;\n<\/p>\n<p>Barcola siirdus 2023. aastal Lyonist PSG-sse 38,5 miljoni naelsterlingi eest. Prantsusmaa hiiuga on ta v\u00f5itnud kolm kodust meistritiitlit, kaks Meistrite liigat, kaks Prantsusmaa karikat, UEFA superkarika ja FIFA kontinentidevahelise karika.&#13;\n<\/p>\n<p>T\u00e4navusel MM-il Prantsusmaa koondise eest kolm v\u00e4ravat l\u00f6\u00f6nud Barcola suudab lisaks vasakule \u00e4\u00e4rele tegutseda nii paremal \u00e4\u00e4rel kui ka kesktormajana. Seet\u00f5ttu v\u00f5iks ta vajadusel asendada ka Alexander Isakit ajal, mil Hugo Ekitike taastub r\u00e4ngast Achilleuse k\u00f5\u00f5luse vigastusest.<\/p>\n<p>Prantslase saabumine v\u00f5ib \u00fchtlasi t\u00e4hendada suuremaid klubisiseseid muutusi, sest k\u00fcsim\u00e4rgi all on Hollandi koondislase Cody Gakpo tulevik. BBC andmetel on 27-aastase hollandlase vastu huvi \u00fcles n\u00e4idanud nii Tottenham Hotspur kui ka Manchester City.&#8217;&#13;\n<\/p>\n<p>Liverpooli uus peatreener Andoni Iraola kommenteeris enne laup\u00e4evast kohtumist Nottingham Forestiga ka Gakpo tulevikku. Hispaanlane tunnistas, et ei saa hollandlase klubis j\u00e4tkamise osas garantiisi anda. &#8220;Gakpo on p\u00e4rast MM-ilt ja puhkuselt naasmist olnud v\u00e4ga hea ning tema suhtumine on olnud suurep\u00e4rane. Loodan, et suudame teda sellisel tasemel hoida, sest minu arvates on ta meie m\u00e4ngudes v\u00e4ga olulist rolli m\u00e4nginud,&#8221; s\u00f5nas Iraola.&#13;\n<\/p>\n<p>Liverpool otsib samal ajal t\u00e4iendust ka paremale \u00e4\u00e4rele. Inglismaa meedia teatel on klubi uurinud v\u00f5imalusi tuua enda ridadesse Brightoni Yankuba Minteh v\u00f5i Crystal Palace&#8217;i Ismaila Sarr. R\u00fcndeliini tugevdamine on Liverpooli jaoks olnud sel suvel m\u00f5istagi \u00fcks prioriteete, sest kahe viimase suve jooksul on klubist lahkunud nii Luis Diaz kui ka Mohamed Salah.&#13;\n<\/p>\n<blockquote class=\"twitter-tweet\"><p>&#13;<\/p>\n<p lang=\"en\" dir=\"ltr\">\ud83d\udea8 Liverpool complete agreement with Paris Saint-Germain to sign Bradley Barcola. Deal for 23yo <a href=\"https:\/\/x.com\/hashtag\/PSG?src=hash&amp;ref_src=twsrc%5Etfw\" rel=\"nofollow\">#PSG<\/a> winger worth \u00a3106m + up to \u00a317m add-ons (\u20ac125m + \u20ac20m package). France int\u2019l poised to do medical in next 24hr &amp; join <a href=\"https:\/\/x.com\/hashtag\/LFC?src=hash&amp;ref_src=twsrc%5Etfw\" rel=\"nofollow\">#LFC<\/a> on 5yr contract <a href=\"https:\/\/x.com\/TheAthleticFC?ref_src=twsrc%5Etfw\" rel=\"nofollow\">@TheAthleticFC<\/a> <a href=\"https:\/\/t.co\/UMtgD4XEIQ\" rel=\"nofollow\">https:\/\/t.co\/UMtgD4XEIQ<\/a>&#13;<br \/>\n\u2014 David Ornstein (@David_Ornstein) <a href=\"https:\/\/x.com\/David_Ornstein\/status\/2093592100818260465?ref_src=twsrc%5Etfw\" rel=\"nofollow\">August 29, 2026<\/a><\/p>\n<\/blockquote>\n","protected":false},"excerpt":{"rendered":"&#13; BBC kirjutab, et Liverpool j\u00f5udis Pariisi Saint-Germainiga kokkuleppele \u00e4\u00e4rer\u00fcndaja Bradley Barcola \u00fclemineku osas.\u00a0 Esmalt soovis Prantsusmaa meisterklubi&hellip;\n","protected":false},"author":2,"featured_media":263575,"comment_status":"","ping_status":"","sticky":false,"template":"","format":"standard","meta":{"footnotes":"","_share_on_mastodon":"0"},"categories":[18],"tags":[59842,84447,37,33,35,34,36,1101,807,2452,52,2528,159,158],"class_list":["post-263574","post","type-post","status-publish","format-standard","has-post-thumbnail","category-sport","tag-barcola","tag-bradley-barcola","tag-ee","tag-eesti","tag-eesti-keel","tag-estonia","tag-estonian","tag-inglismaa","tag-liverpool","tag-pariisi-saint-germain","tag-prantsusmaa","tag-psg","tag-sport","tag-sports"],"share_on_mastodon":{"url":"https:\/\/pubeurope.com\/@ee\/117178085303597790","error":""},"_links":{"self":[{"href":"https:\/\/www.europesays.com\/ee\/wp-json\/wp\/v2\/posts\/263574","targetHints":{"allow":["GET"]}}],"collection":[{"href":"https:\/\/www.europesays.com\/ee\/wp-json\/wp\/v2\/posts"}],"about":[{"href":"https:\/\/www.europesays.com\/ee\/wp-json\/wp\/v2\/types\/post"}],"author":[{"embeddable":true,"href":"https:\/\/www.europesays.com\/ee\/wp-json\/wp\/v2\/users\/2"}],"replies":[{"embeddable":true,"href":"https:\/\/www.europesays.com\/ee\/wp-json\/wp\/v2\/comments?post=263574"}],"version-history":[{"count":0,"href":"https:\/\/www.europesays.com\/ee\/wp-json\/wp\/v2\/posts\/263574\/revisions"}],"wp:featuredmedia":[{"embeddable":true,"href":"https:\/\/www.europesays.com\/ee\/wp-json\/wp\/v2\/media\/263575"}],"wp:attachment":[{"href":"https:\/\/www.europesays.com\/ee\/wp-json\/wp\/v2\/media?parent=263574"}],"wp:term":[{"taxonomy":"category","embeddable":true,"href":"https:\/\/www.europesays.com\/ee\/wp-json\/wp\/v2\/categories?post=263574"},{"taxonomy":"post_tag","embeddable":true,"href":"https:\/\/www.europesays.com\/ee\/wp-json\/wp\/v2\/tags?post=263574"}],"curies":[{"name":"wp","href":"https:\/\/api.w.org\/{rel}","templated":true}]}}