{"id":263608,"date":"2026-08-29T10:14:11","date_gmt":"2026-08-29T10:14:11","guid":{"rendered":"https:\/\/www.europesays.com\/ee\/263608\/"},"modified":"2026-08-29T10:14:11","modified_gmt":"2026-08-29T10:14:11","slug":"usa-andis-ukrainale-ulevaate-cia-juhi-salaparastest-moskva-konelustest","status":"publish","type":"post","link":"https:\/\/www.europesays.com\/ee\/263608\/","title":{"rendered":"USA andis Ukrainale \u00fclevaate CIA juhi salap\u00e4rastest Moskva-k\u00f5nelustest"},"content":{"rendered":"<p>Zelensk\u00f5i teatas eile oma iga\u00f5htuses videop\u00f6\u00f6rdumises, et USA on jaganud Ukrainaga teavet Ratcliffe\u2019i sellen\u00e4dalase ootamatu Moskva-visiidi kohta. CIA juhi ja <a rel=\"noopener nofollow\" target=\"_blank\" href=\"https:\/\/www.delfi.ee\/teema\/3\/venemaa\" tag-id=\"3\">Venemaa<\/a> ametnike arutelude sisu kommenteerimisel on j\u00e4\u00e4dud kidakeelseks, mist\u00f5ttu hakkasid levima spekulatsioonid reisi tagamaade kohta.<\/p>\n<p>Zelensk\u00f5i v\u00e4itel leidis tol p\u00e4eval aset rida kohtumisi. \u201eT\u00e4name teabe eest ja Venemaaga peetud vestluse vajaliku tooni eest,\u201c \u00fctles ta.<\/p>\n<p>\u201eV\u00e4\u00e4rtustame sammude koosk\u00f5lastamist ja asjaolu, et Ameerika edendab realistlikku n\u00e4gemust sellest, mida on vaja teha ja mida tuleb saavutada. Venemaa peab oma s\u00f5ja l\u00f5petama ja selle saavutamiseks tuleb luua k\u00f5ik vajalikud tingimused,\u201c lisas ta.<\/p>\n<p>Kremli pressiesindaja <a rel=\"noopener nofollow\" target=\"_blank\" href=\"https:\/\/www.delfi.ee\/teema\/59186134\/dmitri-peskov\" tag-id=\"59186134\">Dmitri Peskov<\/a> on \u00f6elnud, et Ratcliffe ei kohtunud Venemaa valitseja Vladimir Putiniga. Ta m\u00e4rkis ka, et USA ametniku visiit h\u00f5lmas kontakte julgeolekuteenistuste vahel, nimetades arutelusid positiivseks arenguks.<\/p>\n<p>USA president <a rel=\"noopener nofollow\" target=\"_blank\" href=\"https:\/\/www.delfi.ee\/teema\/32758637\/donald-trump\" tag-id=\"32758637\">Donald Trump<\/a> l\u00fckkas hiljuti tagasi spekulatsioonid k\u00f5neluste sisu kohta, kirjeldades visiiti poolrutiinsena. Samas n\u00e4is ta vihjavat, et see v\u00f5is puudutada Ukraina s\u00f5da. \u201eN\u00fc\u00fcd v\u00f5ib sellest midagi v\u00e4lja tulla. Me t\u00f6\u00f6tame v\u00e4ga k\u00f5vasti selle nimel, et see s\u00f5da l\u00f5ppeks,\u201c s\u00f5nas Trump.<\/p>\n<p>Kuidas see lugu Sind end tundma pani?Saada<a href=\"https:\/\/www.delfi.ee\/artikkel\/120606949\/usa-andis-ukrainale-ulevaate-cia-juhi-salaparastest-moskva-konelustest\/kommentaarid\" class=\"button button--primary button--size-auto article-body-bottom__comment article-body-bottom__comment--write\" style=\"\" rel=\"nofollow noopener\" target=\"_blank\">Kommenteeri<\/a><a href=\"https:\/\/www.delfi.ee\/artikkel\/120606949\/usa-andis-ukrainale-ulevaate-cia-juhi-salaparastest-moskva-konelustest\/kommentaarid\" class=\"button button--size-auto article-body-bottom__comment article-body-bottom__comment--read\" style=\"\" rel=\"nofollow noopener\" target=\"_blank\">Loe kommentaare (4)<\/a><\/p>\n","protected":false},"excerpt":{"rendered":"Zelensk\u00f5i teatas eile oma iga\u00f5htuses videop\u00f6\u00f6rdumises, et USA on jaganud Ukrainaga teavet Ratcliffe\u2019i sellen\u00e4dalase ootamatu Moskva-visiidi kohta. CIA&hellip;\n","protected":false},"author":2,"featured_media":263609,"comment_status":"","ping_status":"","sticky":false,"template":"","format":"standard","meta":{"footnotes":"","_share_on_mastodon":"0"},"categories":[5],"tags":[26,27,6480,944,324,37,33,35,34,36,31,32,21,38351,28,29,108,19,25,107,23,24,262,22,325,20,96,30,263],"class_list":["post-263608","post","type-post","status-publish","format-standard","has-post-thumbnail","category-uldised-uudised","tag-breaking-news","tag-breakingnews","tag-cia","tag-dmitri-peskov","tag-donald-trump","tag-ee","tag-eesti","tag-eesti-keel","tag-estonia","tag-estonian","tag-featured-news","tag-featurednews","tag-headlines","tag-john-ratcliffe","tag-latest-news","tag-latestnews","tag-moskva","tag-news","tag-populaarseimad-lood","tag-soda-ukrainas","tag-top-stories","tag-topstories","tag-ukraina","tag-uldised-uudised","tag-usa","tag-uudised","tag-venemaa","tag-viimased-uudised","tag-volodomor-zelenskoi"],"share_on_mastodon":{"url":"https:\/\/pubeurope.com\/@ee\/117178273870321568","error":""},"_links":{"self":[{"href":"https:\/\/www.europesays.com\/ee\/wp-json\/wp\/v2\/posts\/263608","targetHints":{"allow":["GET"]}}],"collection":[{"href":"https:\/\/www.europesays.com\/ee\/wp-json\/wp\/v2\/posts"}],"about":[{"href":"https:\/\/www.europesays.com\/ee\/wp-json\/wp\/v2\/types\/post"}],"author":[{"embeddable":true,"href":"https:\/\/www.europesays.com\/ee\/wp-json\/wp\/v2\/users\/2"}],"replies":[{"embeddable":true,"href":"https:\/\/www.europesays.com\/ee\/wp-json\/wp\/v2\/comments?post=263608"}],"version-history":[{"count":0,"href":"https:\/\/www.europesays.com\/ee\/wp-json\/wp\/v2\/posts\/263608\/revisions"}],"wp:featuredmedia":[{"embeddable":true,"href":"https:\/\/www.europesays.com\/ee\/wp-json\/wp\/v2\/media\/263609"}],"wp:attachment":[{"href":"https:\/\/www.europesays.com\/ee\/wp-json\/wp\/v2\/media?parent=263608"}],"wp:term":[{"taxonomy":"category","embeddable":true,"href":"https:\/\/www.europesays.com\/ee\/wp-json\/wp\/v2\/categories?post=263608"},{"taxonomy":"post_tag","embeddable":true,"href":"https:\/\/www.europesays.com\/ee\/wp-json\/wp\/v2\/tags?post=263608"}],"curies":[{"name":"wp","href":"https:\/\/api.w.org\/{rel}","templated":true}]}}