{"id":263610,"date":"2026-08-29T10:21:11","date_gmt":"2026-08-29T10:21:11","guid":{"rendered":"https:\/\/www.europesays.com\/ee\/263610\/"},"modified":"2026-08-29T10:21:11","modified_gmt":"2026-08-29T10:21:11","slug":"liverpool-leppis-psg-ga-kokku-hiigeltehingu-barcola-eest-makstakse-kuni-142-miljonit-eurot","status":"publish","type":"post","link":"https:\/\/www.europesays.com\/ee\/263610\/","title":{"rendered":"Liverpool leppis PSG-ga kokku hiigeltehingu: Barcola eest makstakse kuni 142 miljonit eurot"},"content":{"rendered":"<p>23-aastane Prantsusmaa koondislane peaks n\u00e4dalavahetusel l\u00e4bima arstliku kontrolli ning seej\u00e4rel allkirjastama Liverpooliga pika lepingu.<\/p>\n<p class=\"isSelectedEnd\">Liverpool maksab Barcola eest esialgu umbes 123 miljonit eurot ning erinevate lisatasude n\u00e4ol v\u00f5ib summa kasvada veel ligi 20 miljoni euro v\u00f5rra. Sellega kerkiks Barcola Liverpooli ajaloo kallimate ostude seas teisele kohale, j\u00e4\u00e4des alla vaid Alexander Isaki \u00fcleminekule.<\/p>\n<p class=\"isSelectedEnd\">Paremajalgne Barcola m\u00e4ngib peamiselt vasakul \u00e4\u00e4rel, kuid suudab tegutseda ka paremal \u00e4\u00e4rel ja r\u00fcndaja positsioonil. Prantslale kerkis Liverpooli peamiseks sihtm\u00e4rgiks p\u00e4rast Luis D\u00edazi ja Mohamed Salah\u2019 lahkumist. <\/p>\n<p class=\"isSelectedEnd\">Prantslane liitus <a rel=\"noopener nofollow\" target=\"_blank\" href=\"https:\/\/www.delfi.ee\/teema\/65515748\/psg\" tag-id=\"65515748\">PSG<\/a>-ga 2023. aastal Lyonist ning on Pariisi klubiga v\u00f5itnud kolm Prantsusmaa meistritiitlit, kaks Meistrite liiga trofeed ja kaks Prantsusmaa karikat. BBarcola pidas PSG eest 152 m\u00e4ngu, l\u00f5i 39 v\u00e4ravat ja andis 37 resultatiivset s\u00f6\u00f6tu. Prantsusmaa koondises sai ta sel suvel MM-il kirja kolm v\u00e4ravat.<\/p>\n<p>Kuidas see lugu Sind end tundma pani?Saada<a href=\"https:\/\/sport.delfi.ee\/artikkel\/120606950\/liverpool-leppis-psg-ga-kokku-hiigeltehingu-barcola-eest-makstakse-kuni-142-miljonit-eurot\/kommentaarid\" class=\"button button--primary button--size-auto article-body-bottom__comment article-body-bottom__comment--write\" style=\"\" rel=\"nofollow noopener\" target=\"_blank\">Kommenteeri<\/a><a href=\"https:\/\/sport.delfi.ee\/artikkel\/120606950\/liverpool-leppis-psg-ga-kokku-hiigeltehingu-barcola-eest-makstakse-kuni-142-miljonit-eurot\/kommentaarid\" class=\"button button--size-auto article-body-bottom__comment article-body-bottom__comment--read\" style=\"\" rel=\"nofollow noopener\" target=\"_blank\">Loe kommentaare <\/a><\/p>\n","protected":false},"excerpt":{"rendered":"23-aastane Prantsusmaa koondislane peaks n\u00e4dalavahetusel l\u00e4bima arstliku kontrolli ning seej\u00e4rel allkirjastama Liverpooliga pika lepingu. Liverpool maksab Barcola eest&hellip;\n","protected":false},"author":2,"featured_media":263611,"comment_status":"","ping_status":"","sticky":false,"template":"","format":"standard","meta":{"footnotes":"","_share_on_mastodon":"0"},"categories":[18],"tags":[84447,37,33,35,34,36,807,102165,2528,159,158],"class_list":["post-263610","post","type-post","status-publish","format-standard","has-post-thumbnail","category-sport","tag-bradley-barcola","tag-ee","tag-eesti","tag-eesti-keel","tag-estonia","tag-estonian","tag-liverpool","tag-paris-saint-germain-fc","tag-psg","tag-sport","tag-sports"],"share_on_mastodon":{"url":"https:\/\/pubeurope.com\/@ee\/117178301649931372","error":""},"_links":{"self":[{"href":"https:\/\/www.europesays.com\/ee\/wp-json\/wp\/v2\/posts\/263610","targetHints":{"allow":["GET"]}}],"collection":[{"href":"https:\/\/www.europesays.com\/ee\/wp-json\/wp\/v2\/posts"}],"about":[{"href":"https:\/\/www.europesays.com\/ee\/wp-json\/wp\/v2\/types\/post"}],"author":[{"embeddable":true,"href":"https:\/\/www.europesays.com\/ee\/wp-json\/wp\/v2\/users\/2"}],"replies":[{"embeddable":true,"href":"https:\/\/www.europesays.com\/ee\/wp-json\/wp\/v2\/comments?post=263610"}],"version-history":[{"count":0,"href":"https:\/\/www.europesays.com\/ee\/wp-json\/wp\/v2\/posts\/263610\/revisions"}],"wp:featuredmedia":[{"embeddable":true,"href":"https:\/\/www.europesays.com\/ee\/wp-json\/wp\/v2\/media\/263611"}],"wp:attachment":[{"href":"https:\/\/www.europesays.com\/ee\/wp-json\/wp\/v2\/media?parent=263610"}],"wp:term":[{"taxonomy":"category","embeddable":true,"href":"https:\/\/www.europesays.com\/ee\/wp-json\/wp\/v2\/categories?post=263610"},{"taxonomy":"post_tag","embeddable":true,"href":"https:\/\/www.europesays.com\/ee\/wp-json\/wp\/v2\/tags?post=263610"}],"curies":[{"name":"wp","href":"https:\/\/api.w.org\/{rel}","templated":true}]}}