{"id":263626,"date":"2026-08-29T10:45:10","date_gmt":"2026-08-29T10:45:10","guid":{"rendered":"https:\/\/www.europesays.com\/ee\/263626\/"},"modified":"2026-08-29T10:45:10","modified_gmt":"2026-08-29T10:45:10","slug":"saksamaal-oma-aja-ara-oodanud-heina-ootab-pohimotteline-vastasseis-olen-valmis","status":"publish","type":"post","link":"https:\/\/www.europesays.com\/ee\/263626\/","title":{"rendered":"Saksamaal oma aja \u00e4ra oodanud Heina ootab p\u00f5him\u00f5tteline vastasseis: olen valmis"},"content":{"rendered":"<p>P\u00e4rast eelmist, v\u00e4ga keerulist hooaega ja hiljutise v\u00e4ikese ehmatuse j\u00e4rel, n\u00e4ikse Eesti parima v\u00e4ravavahi Karl Jakob Heina jaoks viimaks puslet\u00fckid kenasti kokku jooksvat.<\/p>\n<p>Aasta eest Londoni Arsenalist sakslaste Bremeni Werderisse laenatud puurilukk j\u00e4i Mio Backhausi j\u00e4rel vankumatult teiseks numbriks. Olukorra muutis veelgi \u00f5nnetumaks kevadine, treeningul saadud k\u00e4evigastus.<\/p>\n","protected":false},"excerpt":{"rendered":"P\u00e4rast eelmist, v\u00e4ga keerulist hooaega ja hiljutise v\u00e4ikese ehmatuse j\u00e4rel, n\u00e4ikse Eesti parima v\u00e4ravavahi Karl Jakob Heina jaoks&hellip;\n","protected":false},"author":2,"featured_media":263627,"comment_status":"","ping_status":"","sticky":false,"template":"","format":"standard","meta":{"footnotes":"","_share_on_mastodon":"0"},"categories":[18],"tags":[1526,37,33,35,34,36,1517,172,1520,1513,1514,1518,1524,1515,1529,1530,1523,1519,1522,1525,1528,1527,159,158,1535,1534,1521,1532,1533,1230,1531,1516,1192],"class_list":["post-263626","post","type-post","status-publish","format-standard","has-post-thumbnail","category-sport","tag-autoralli","tag-ee","tag-eesti","tag-eesti-keel","tag-estonia","tag-estonian","tag-finaal","tag-jalgpall","tag-koondis","tag-korvpall","tag-liiga","tag-mang","tag-martin-jarveoja","tag-medal","tag-olumpia","tag-olumpiamangud","tag-ott-tanak","tag-poks","tag-postimees-sport","tag-postimees-wrc","tag-spordi-uudised","tag-spordiuudised","tag-sport","tag-sports","tag-suveolumpia","tag-suveolumpiamangud","tag-tiitel","tag-tokio","tag-tokio2020","tag-tokyo","tag-tokyo2020","tag-voistlus","tag-wrc"],"share_on_mastodon":{"url":"https:\/\/pubeurope.com\/@ee\/117178395879966439","error":""},"_links":{"self":[{"href":"https:\/\/www.europesays.com\/ee\/wp-json\/wp\/v2\/posts\/263626","targetHints":{"allow":["GET"]}}],"collection":[{"href":"https:\/\/www.europesays.com\/ee\/wp-json\/wp\/v2\/posts"}],"about":[{"href":"https:\/\/www.europesays.com\/ee\/wp-json\/wp\/v2\/types\/post"}],"author":[{"embeddable":true,"href":"https:\/\/www.europesays.com\/ee\/wp-json\/wp\/v2\/users\/2"}],"replies":[{"embeddable":true,"href":"https:\/\/www.europesays.com\/ee\/wp-json\/wp\/v2\/comments?post=263626"}],"version-history":[{"count":0,"href":"https:\/\/www.europesays.com\/ee\/wp-json\/wp\/v2\/posts\/263626\/revisions"}],"wp:featuredmedia":[{"embeddable":true,"href":"https:\/\/www.europesays.com\/ee\/wp-json\/wp\/v2\/media\/263627"}],"wp:attachment":[{"href":"https:\/\/www.europesays.com\/ee\/wp-json\/wp\/v2\/media?parent=263626"}],"wp:term":[{"taxonomy":"category","embeddable":true,"href":"https:\/\/www.europesays.com\/ee\/wp-json\/wp\/v2\/categories?post=263626"},{"taxonomy":"post_tag","embeddable":true,"href":"https:\/\/www.europesays.com\/ee\/wp-json\/wp\/v2\/tags?post=263626"}],"curies":[{"name":"wp","href":"https:\/\/api.w.org\/{rel}","templated":true}]}}