{"id":263632,"date":"2026-08-29T10:57:23","date_gmt":"2026-08-29T10:57:23","guid":{"rendered":"https:\/\/www.europesays.com\/ee\/263632\/"},"modified":"2026-08-29T10:57:23","modified_gmt":"2026-08-29T10:57:23","slug":"maarja-maranik-%e2%9f%a9-tuulehoopreemia-jatab-kannatajatele-tuhjad-pihud","status":"publish","type":"post","link":"https:\/\/www.europesays.com\/ee\/263632\/","title":{"rendered":"MAARJA MARANIK \u27e9 \u00abTuulehoopreemia\u00bb j\u00e4tab kannatajatele t\u00fchjad pihud"},"content":{"rendered":"<p>Riik valmistab ette niinimetatud tuulehoopreemiat, mille kaudu on plaanis hakata kohalikele omavalitsustele maksma toetust tuuleparkide planeeringute kehtestamise ja ehituslubade andmise eest. Toetust esitletakse kohaliku kasu jagamise ja omavalitsuste motiveerimisena. Eeln\u00f5u kujunemine n\u00e4itab aga, et avaliku raha jagamise tingimusi on otseselt m\u00f5jutanud tuulearendajate ettepanekud, kirjutab P\u00f5hja-P\u00e4rnumaa vallavolikogu liige Maarja Maranik.<\/p>\n","protected":false},"excerpt":{"rendered":"Riik valmistab ette niinimetatud tuulehoopreemiat, mille kaudu on plaanis hakata kohalikele omavalitsustele maksma toetust tuuleparkide planeeringute kehtestamise ja&hellip;\n","protected":false},"author":2,"featured_media":263633,"comment_status":"","ping_status":"","sticky":false,"template":"","format":"standard","meta":{"footnotes":"","_share_on_mastodon":"0"},"categories":[14],"tags":[131,130,37,33,35,11261,7039,34,36,48226,59627,18339,7876,19191,2596,3082,102183,3079],"class_list":["post-263632","post","type-post","status-publish","format-standard","has-post-thumbnail","category-ari","tag-ari","tag-business","tag-ee","tag-eesti","tag-eesti-keel","tag-ehitusluba","tag-enefit","tag-estonia","tag-estonian","tag-kaamos-energy","tag-kc-energy","tag-kliimapoliitika","tag-kohalik-omavalitsus","tag-planeering","tag-taastuvenergia","tag-tuuleenergia","tag-tuulehoopreemia","tag-tuulepark"],"share_on_mastodon":{"url":"https:\/\/pubeurope.com\/@ee\/117178443108179150","error":""},"_links":{"self":[{"href":"https:\/\/www.europesays.com\/ee\/wp-json\/wp\/v2\/posts\/263632","targetHints":{"allow":["GET"]}}],"collection":[{"href":"https:\/\/www.europesays.com\/ee\/wp-json\/wp\/v2\/posts"}],"about":[{"href":"https:\/\/www.europesays.com\/ee\/wp-json\/wp\/v2\/types\/post"}],"author":[{"embeddable":true,"href":"https:\/\/www.europesays.com\/ee\/wp-json\/wp\/v2\/users\/2"}],"replies":[{"embeddable":true,"href":"https:\/\/www.europesays.com\/ee\/wp-json\/wp\/v2\/comments?post=263632"}],"version-history":[{"count":0,"href":"https:\/\/www.europesays.com\/ee\/wp-json\/wp\/v2\/posts\/263632\/revisions"}],"wp:featuredmedia":[{"embeddable":true,"href":"https:\/\/www.europesays.com\/ee\/wp-json\/wp\/v2\/media\/263633"}],"wp:attachment":[{"href":"https:\/\/www.europesays.com\/ee\/wp-json\/wp\/v2\/media?parent=263632"}],"wp:term":[{"taxonomy":"category","embeddable":true,"href":"https:\/\/www.europesays.com\/ee\/wp-json\/wp\/v2\/categories?post=263632"},{"taxonomy":"post_tag","embeddable":true,"href":"https:\/\/www.europesays.com\/ee\/wp-json\/wp\/v2\/tags?post=263632"}],"curies":[{"name":"wp","href":"https:\/\/api.w.org\/{rel}","templated":true}]}}