{"id":263640,"date":"2026-08-29T11:10:30","date_gmt":"2026-08-29T11:10:30","guid":{"rendered":"https:\/\/www.europesays.com\/ee\/263640\/"},"modified":"2026-08-29T11:10:30","modified_gmt":"2026-08-29T11:10:30","slug":"isamaa-hakkas-toetama-tuuleparke-torva-valla-nelikliit-lagunes","status":"publish","type":"post","link":"https:\/\/www.europesays.com\/ee\/263640\/","title":{"rendered":"\u201eIsamaa hakkas toetama tuuleparke.\u201c T\u00f5rva valla nelikliit lagunes"},"content":{"rendered":"<p> T\u00f5rva vallavanem Kalle Vister (Isamaa) \u00fctles, et nelja erineva osapoolega koalitsioonis ei ole tekkinud piisavalt tugevat \u00fchist joont ega \u00fchist arusaama sellest, kuidas valda juhtida ja vajalikke otsuseid edukalt ellu viia.<\/p>\n<p>\u201eMeie eesm\u00e4rk ei ole lihtsalt koalitsioonis olemine, vaid T\u00f5rva valla hea ja otsustusv\u00f5imeline juhtimine. Oleme j\u00f5udnud arusaamisele, et senises koosseisus ei ole v\u00f5imalik seda piisavalt h\u00e4sti tagada. Seet\u00f5ttu peame \u00f5igeks senine koost\u00f6\u00f6 l\u00f5petada ja otsida lahendust, mis annaks T\u00f5rva vallale tugeva arenguhoo ning stabiilse, ausa ja \u00fcksteist austava juhtimise\u201c \u00fctles Vister.<\/p>\n<p>Ta kinnitas, et Isamaa on valmis pidama k\u00f5nelusi k\u00f5igi volikogus esindatud saadikute ja saadikur\u00fchmadega, kellega on v\u00f5imalik leida T\u00f5rva valla edasiviimiseks piisav \u00fchisosa.<\/p>\n<p>\u201eMeie jaoks on k\u00f5ige olulisem, et vald on h\u00e4sti juhitud, otsused saavad tehtud ning T\u00f5rva areng ei j\u00e4\u00e4ks osapoolte erimeelsuste taha seisma,\u201c lisas Vister.<\/p>\n<p>Valimisliidu juht: Isamaa hakkas toetama tuuleparke<\/p>\n<p class=\"isSelectedEnd\">T\u00f5rva volikogu esimees <a rel=\"noopener nofollow\" target=\"_blank\" href=\"https:\/\/www.delfi.ee\/teema\/68610651\/karl-kirt\" tag-id=\"68610651\">Karl Kirt<\/a> (valimisliit Terve T\u00f5rva) kinnitas Delfile, et senine koalitsioon on lagunenud. Tema s\u00f5nul sai murdepunktiks Isamaa muutunud suhtumine tuuleparkidesse.<\/p>\n<p class=\"isSelectedEnd\">\u201eIsamaa otsustas hakata toetama tuuleparke ja eriplaneeringut ning leidis siis, et riigi tuulehoo meede on piisavalt ahvatlev, et viimane koalitsioon \u00e4ra l\u00f5hkuda. Nii on. See on nende otsus,\u201c \u00fctles Kirt.<\/p>\n<p class=\"isSelectedEnd\">Ta m\u00f6\u00f6nis, et koalitsioonis oli ka varem keerulisi hetki. \u201eMa ei taha v\u00e4ita, et meil olid kerged ajad. Meil oli p\u00e4ris keerulisi arutelusid, aga minu arvates oleks saanud selle meeskonnaga veel edasi minna.\u201c<\/p>\n<p class=\"isSelectedEnd\">Kirdi s\u00f5nul on Isamaa ja <a rel=\"noopener nofollow\" target=\"_blank\" href=\"https:\/\/www.delfi.ee\/teema\/31995611\/reformierakond\" tag-id=\"31995611\">Reformierakond<\/a> pidanud juba v\u00e4hemalt n\u00e4dala l\u00e4bir\u00e4\u00e4kimisi uue koalitsiooni moodustamiseks.<\/p>\n<p class=\"isSelectedEnd\">\u201eEks ta sinna suunda l\u00e4heb. Kes neil t\u00e4pselt meeskonnas on, keda veel kaasatakse v\u00f5i ei kaasata, seda n\u00e4itab aeg. Ka mina olen avatud erinevatele l\u00e4bir\u00e4\u00e4kimistele, aga eks paistab,\u201c r\u00e4\u00e4kis Kirt.<\/p>\n<p class=\"isSelectedEnd\">Tema s\u00f5nul on k\u00f5ige t\u00e4htsam, et vald saaks kiiresti toimiva juhtimise. \u201eSee kriis tuleb tegelikult \u00e4ra lahendada. Paljud asjad vajavad otsustamist, \u00fcksk\u00f5ik kes neid otsuseid siis teeb.\u201c<\/p>\n<p class=\"isSelectedEnd\">Kirt lisas, et valimisliit ei j\u00e4\u00e4 teiste samme ootama, vaid suhtleb ka ise v\u00f5imalike partneritega uue koalitsiooni moodustamiseks.<\/p>\n<p>\u201eMeil on ikkagi huvi oma valimisprogrammi ja valimislubadusi ellu viia. See on ju k\u00f5igi soov. Eks n\u00e4is, kuidas need l\u00e4bir\u00e4\u00e4kimised l\u00e4hevad.\u201c<\/p>\n<p>Kuidas see lugu Sind end tundma pani?Saada<a href=\"https:\/\/www.delfi.ee\/artikkel\/120606874\/isamaa-hakkas-toetama-tuuleparke-torva-valla-nelikliit-lagunes\/kommentaarid\" class=\"button button--primary button--size-auto article-body-bottom__comment article-body-bottom__comment--write\" style=\"\" rel=\"nofollow noopener\" target=\"_blank\">Kommenteeri<\/a><a href=\"https:\/\/www.delfi.ee\/artikkel\/120606874\/isamaa-hakkas-toetama-tuuleparke-torva-valla-nelikliit-lagunes\/kommentaarid\" class=\"button button--size-auto article-body-bottom__comment article-body-bottom__comment--read\" style=\"\" rel=\"nofollow noopener\" target=\"_blank\">Loe kommentaare (68)<\/a><\/p>\n","protected":false},"excerpt":{"rendered":"T\u00f5rva vallavanem Kalle Vister (Isamaa) \u00fctles, et nelja erineva osapoolega koalitsioonis ei ole tekkinud piisavalt tugevat \u00fchist joont&hellip;\n","protected":false},"author":2,"featured_media":263641,"comment_status":"","ping_status":"","sticky":false,"template":"","format":"standard","meta":{"footnotes":"","_share_on_mastodon":"0"},"categories":[12],"tags":[26,27,37,33,35,729,34,36,31,32,21,731,1070,28,29,19,25,643,23,24,36004,1453,22,20,30],"class_list":["post-263640","post","type-post","status-publish","format-standard","has-post-thumbnail","category-eesti","tag-breaking-news","tag-breakingnews","tag-ee","tag-eesti","tag-eesti-keel","tag-ekre","tag-estonia","tag-estonian","tag-featured-news","tag-featurednews","tag-headlines","tag-isamaa","tag-karl-kirt","tag-latest-news","tag-latestnews","tag-news","tag-populaarseimad-lood","tag-reformierakond","tag-top-stories","tag-topstories","tag-torva-vald","tag-tuulepargid","tag-uldised-uudised","tag-uudised","tag-viimased-uudised"],"share_on_mastodon":{"url":"https:\/\/pubeurope.com\/@ee\/117178494092165982","error":""},"_links":{"self":[{"href":"https:\/\/www.europesays.com\/ee\/wp-json\/wp\/v2\/posts\/263640","targetHints":{"allow":["GET"]}}],"collection":[{"href":"https:\/\/www.europesays.com\/ee\/wp-json\/wp\/v2\/posts"}],"about":[{"href":"https:\/\/www.europesays.com\/ee\/wp-json\/wp\/v2\/types\/post"}],"author":[{"embeddable":true,"href":"https:\/\/www.europesays.com\/ee\/wp-json\/wp\/v2\/users\/2"}],"replies":[{"embeddable":true,"href":"https:\/\/www.europesays.com\/ee\/wp-json\/wp\/v2\/comments?post=263640"}],"version-history":[{"count":0,"href":"https:\/\/www.europesays.com\/ee\/wp-json\/wp\/v2\/posts\/263640\/revisions"}],"wp:featuredmedia":[{"embeddable":true,"href":"https:\/\/www.europesays.com\/ee\/wp-json\/wp\/v2\/media\/263641"}],"wp:attachment":[{"href":"https:\/\/www.europesays.com\/ee\/wp-json\/wp\/v2\/media?parent=263640"}],"wp:term":[{"taxonomy":"category","embeddable":true,"href":"https:\/\/www.europesays.com\/ee\/wp-json\/wp\/v2\/categories?post=263640"},{"taxonomy":"post_tag","embeddable":true,"href":"https:\/\/www.europesays.com\/ee\/wp-json\/wp\/v2\/tags?post=263640"}],"curies":[{"name":"wp","href":"https:\/\/api.w.org\/{rel}","templated":true}]}}