{"id":263658,"date":"2026-08-29T11:43:51","date_gmt":"2026-08-29T11:43:51","guid":{"rendered":"https:\/\/www.europesays.com\/ee\/263658\/"},"modified":"2026-08-29T11:43:51","modified_gmt":"2026-08-29T11:43:51","slug":"putin-valmistub-soda-ukrainaga-eskaleerima","status":"publish","type":"post","link":"https:\/\/www.europesays.com\/ee\/263658\/","title":{"rendered":"Putin valmistub s\u00f5da Ukrainaga eskaleerima"},"content":{"rendered":"<p>MEDUZA edastab, et Venemaa valmistub Ukraina vastu r\u00fcnnakute eskaleerimiseks, uskudes, et rahul\u00e4bir\u00e4\u00e4kimised on ummikusse j\u00f5udnud,\u00a0\u00fctlesid\u00a0Kremlile l\u00e4hedased allikad Bloombergile.<\/p>\n<p class=\"SimpleBlock-module_p__7aRnT SimpleBlock-module_center__D1CsV\">Siin on, mida agentuuri vestluskaaslased \u00fctlesid:<\/p>\n<ul class=\"ListBlock-module_root__dqomP ListBlock-module_ul__bgHlv ListBlock-module_center__bEBN-\" data-testid=\"list-block\">\n<li>Venemaa kaalub v\u00f5imalust intensiivistada tavap\u00e4raste ballistiliste rakettidega r\u00fcnnakuid Kiievis, sealhulgas Ukraina pealinna kesklinnas, samuti infrastruktuurirajatistele teistes riigi linnades.<\/li>\n<li>Venemaa president Vladimir Putin ei l\u00f5peta s\u00f5da majandussanktsioonide ja Ukraina r\u00fcnnakute surve all Venemaa rafineerimistehastele ja logistikale.<\/li>\n<li>Moskva n\u00e4eb Ukraina r\u00fcnnakuid \u00fcha enam NATO riikide r\u00fcnnakutena, kuna liidu liikmesriigid varustavad Kiievit relvade ja luureinfoga.<\/li>\n<li>K\u00f5ik rahul\u00e4bir\u00e4\u00e4kimiste mehhanismid kukkusid kokku, mist\u00f5ttu m\u00f5lemad s\u00f5divad pooled p\u00f6\u00f6rdusid alguspunkti. Kreml usub, et on s\u00f5ja ajal juba teinud j\u00e4releandmisi ning iga\u00fcks neist n\u00f5rgestas Venemaa positsiooni. Ilma diplomaatiliste kontaktideta n\u00e4eb Moskva v\u00e4he v\u00f5imalusi konflikti veelgi eskaleerimiseks, mis v\u00f5imaldaks Venemaal saavutada oma s\u00f5jalisi eesm\u00e4rke.<\/li>\n<li>Ukraina r\u00fcnnakute intensiivsuse t\u00f5ttu arvab \u00fcha rohkem Venemaa ametnikke, et Putin v\u00f5ib l\u00f5puks kasutada viimast abin\u00f5u \u2013 kasutada seda Ukrainas\u00a0.<\/li>\n<\/ul>\n<p class=\"SimpleBlock-module_p__7aRnT SimpleBlock-module_center__D1CsV\">Bloomberg m\u00e4rkis, et pole m\u00e4rke, et Venemaa valmistuks Ukrainas taktikaliste tuumarelvade kasutamiseks. Minevikus on Venemaa korduvalt kasutanud tuuma\u00e4hvardusi, p\u00fc\u00fcdes hirmutada Ukraina l\u00e4\u00e4ne liitlasi.<\/p>\n<p class=\"SimpleBlock-module_p__7aRnT SimpleBlock-module_center__D1CsV\">Alexander Gabuev, Carnegie Berliini Venemaa ja Euraasia Uuringute Keskuse direktor, \u00fctles v\u00e4ljaandele antud kommentaaris, et risk Moskva taktikaliste tuumarelvade kasutamisel on endiselt \u00e4\u00e4rmiselt v\u00e4ike.<\/p>\n<p class=\"SimpleBlock-module_p__7aRnT SimpleBlock-module_center__D1CsV\">Venemaa F\u00f6deratsiooni presidendi pressiesindaja Dmitri Peskov ei vastanud ajakirjanike palvele.<\/p>\n","protected":false},"excerpt":{"rendered":"MEDUZA edastab, et Venemaa valmistub Ukraina vastu r\u00fcnnakute eskaleerimiseks, uskudes, et rahul\u00e4bir\u00e4\u00e4kimised on ummikusse j\u00f5udnud,\u00a0\u00fctlesid\u00a0Kremlile l\u00e4hedased allikad Bloombergile.&hellip;\n","protected":false},"author":2,"featured_media":263659,"comment_status":"","ping_status":"","sticky":false,"template":"","format":"standard","meta":{"footnotes":"","_share_on_mastodon":"0"},"categories":[80],"tags":[1353,26,27,944,37,33,35,34,36,31,32,21,103,28,29,95,108,19,25,23,24,262,22,20,10732,30,661,92,93,94],"class_list":["post-263658","post","type-post","status-publish","format-standard","has-post-thumbnail","category-maailm","tag-bloomberg","tag-breaking-news","tag-breakingnews","tag-dmitri-peskov","tag-ee","tag-eesti","tag-eesti-keel","tag-estonia","tag-estonian","tag-featured-news","tag-featurednews","tag-headlines","tag-kreml","tag-latest-news","tag-latestnews","tag-maailm","tag-moskva","tag-news","tag-populaarseimad-lood","tag-top-stories","tag-topstories","tag-ukraina","tag-uldised-uudised","tag-uudised","tag-venemaa-foderatsioon","tag-viimased-uudised","tag-vladimir-putin","tag-world","tag-world-news","tag-worldnews"],"share_on_mastodon":{"url":"https:\/\/pubeurope.com\/@ee\/117178627744516667","error":""},"_links":{"self":[{"href":"https:\/\/www.europesays.com\/ee\/wp-json\/wp\/v2\/posts\/263658","targetHints":{"allow":["GET"]}}],"collection":[{"href":"https:\/\/www.europesays.com\/ee\/wp-json\/wp\/v2\/posts"}],"about":[{"href":"https:\/\/www.europesays.com\/ee\/wp-json\/wp\/v2\/types\/post"}],"author":[{"embeddable":true,"href":"https:\/\/www.europesays.com\/ee\/wp-json\/wp\/v2\/users\/2"}],"replies":[{"embeddable":true,"href":"https:\/\/www.europesays.com\/ee\/wp-json\/wp\/v2\/comments?post=263658"}],"version-history":[{"count":0,"href":"https:\/\/www.europesays.com\/ee\/wp-json\/wp\/v2\/posts\/263658\/revisions"}],"wp:featuredmedia":[{"embeddable":true,"href":"https:\/\/www.europesays.com\/ee\/wp-json\/wp\/v2\/media\/263659"}],"wp:attachment":[{"href":"https:\/\/www.europesays.com\/ee\/wp-json\/wp\/v2\/media?parent=263658"}],"wp:term":[{"taxonomy":"category","embeddable":true,"href":"https:\/\/www.europesays.com\/ee\/wp-json\/wp\/v2\/categories?post=263658"},{"taxonomy":"post_tag","embeddable":true,"href":"https:\/\/www.europesays.com\/ee\/wp-json\/wp\/v2\/tags?post=263658"}],"curies":[{"name":"wp","href":"https:\/\/api.w.org\/{rel}","templated":true}]}}