{"id":263662,"date":"2026-08-29T11:52:09","date_gmt":"2026-08-29T11:52:09","guid":{"rendered":"https:\/\/www.europesays.com\/ee\/263662\/"},"modified":"2026-08-29T11:52:09","modified_gmt":"2026-08-29T11:52:09","slug":"klops-raske-haigusega-voitlev-celine-dion-tuli-ule-pika-aja-taas-avalikkuse-ette","status":"publish","type":"post","link":"https:\/\/www.europesays.com\/ee\/263662\/","title":{"rendered":"KL\u00d5PS | Raske haigusega v\u00f5itlev Celine Dion tuli \u00fcle pika aja taas avalikkuse ette"},"content":{"rendered":"<p>Celine Dion (58) naasis eile, 28. augustil Pariisi, sest juba 12. septembril algab tema kontserttuur. Tohutu rahvahulk v\u00f5ttis lauljanna v\u00e4ga soojalt vastu. Tegu on Celine Dioni esimese avaliku esinemisega viimase kahe aasta jooksul. Tema viimane t\u00e4ispikk kontsert toimus 2020. aasta m\u00e4rtsis ja sellest ajast alates on ta vaid kaks korda esinenud \u2013  2024. aastal astus ta \u00fcles Pariisi ol\u00fcmpiam\u00e4ngude avatseremoonial ja moes\u00f5ul.<\/p>\n<p><img decoding=\"async\" src=\"https:\/\/www.europesays.com\/ee\/wp-content\/uploads\/2026\/08\/3c64dc96-8b78-4460-a887-66dbb6db16e0.jpg\" loading=\"lazy\" alt=\"Celine Dion \u00fcle kahe aasta taas avalikkuse ees.\"\/><\/p>\n<p>Maailmakuulsa laulja haihtumise p\u00f5hjus on teda vaevav raske haigus. 2022. aasta detsembris tuli Celine Dion avalikkuse ette teatega, et tal diagnoositi neuroloogiline haigus nimega stiff person syndrome (kangestunud inimese s\u00fcndroom \u2013 toim). K\u00f5nealune haigus paneb kontrollimatult lihaseid kokku t\u00f5mbuma, mist\u00f5ttu inimene kangestub l\u00f5puks nagu kivikuju \u2013 s\u00fcndroomi t\u00f5ttu lukustuvad lihased j\u00e4rk-j\u00e4rgult j\u00e4ikadesse asenditesse, mist\u00f5ttu ei saa inimene r\u00e4\u00e4kida ega k\u00f5ndida. Kuigi haigus on ravimatu, on v\u00f5imalik ravimitega selle kulgu aeglustada.<\/p>\n<p>Viimasel ajal on Celine\u2019i karm haigus kontrolli all olnud ning lauljataril minevat h\u00e4sti. Samas on tema haruldase haiguse puhul raske ennustada selle ilminguid. Siiski teatas ta k\u00e4esoleva aasta alguses, et tema tervis lubab naasta lavalaudadele juba septembris ja seda k\u00fcmnel korral Pariisis. \u00c4\u00e4rmiselt suure n\u00f5udluse t\u00f5ttu pikendas ta kontsertuuri veel lisakontsertide v\u00f5rra. Lauljatar esineb tuuril kolm korda n\u00e4dalas \u2013 kolmap\u00e4eviti, reedeti ja laup\u00e4eviti \u2013 ning igal \u00f5htul on oodata \u00fcle 30 000 pealtvaataja.<\/p>\n<p>Kuidas see lugu Sind end tundma pani?Saada<a href=\"https:\/\/kroonika.delfi.ee\/artikkel\/120606954\/klops-raske-haigusega-voitlev-celine-dion-tuli-ule-pika-aja-taas-avalikkuse-ette\/kommentaarid\" class=\"button button--primary button--size-auto article-body-bottom__comment article-body-bottom__comment--write\" style=\"\" rel=\"nofollow noopener\" target=\"_blank\">Kommenteeri<\/a><a href=\"https:\/\/kroonika.delfi.ee\/artikkel\/120606954\/klops-raske-haigusega-voitlev-celine-dion-tuli-ule-pika-aja-taas-avalikkuse-ette\/kommentaarid\" class=\"button button--size-auto article-body-bottom__comment article-body-bottom__comment--read\" style=\"\" rel=\"nofollow noopener\" target=\"_blank\">Loe kommentaare <\/a><\/p>\n","protected":false},"excerpt":{"rendered":"Celine Dion (58) naasis eile, 28. augustil Pariisi, sest juba 12. septembril algab tema kontserttuur. Tohutu rahvahulk v\u00f5ttis&hellip;\n","protected":false},"author":2,"featured_media":263663,"comment_status":"","ping_status":"","sticky":false,"template":"","format":"standard","meta":{"footnotes":"","_share_on_mastodon":"0"},"categories":[16],"tags":[28657,37,33,35,173,34,36,140],"class_list":["post-263662","post","type-post","status-publish","format-standard","has-post-thumbnail","category-meelelahutus","tag-celine-dion","tag-ee","tag-eesti","tag-eesti-keel","tag-entertainment","tag-estonia","tag-estonian","tag-meelelahutus"],"share_on_mastodon":{"url":"https:\/\/pubeurope.com\/@ee\/117178659716885413","error":""},"_links":{"self":[{"href":"https:\/\/www.europesays.com\/ee\/wp-json\/wp\/v2\/posts\/263662","targetHints":{"allow":["GET"]}}],"collection":[{"href":"https:\/\/www.europesays.com\/ee\/wp-json\/wp\/v2\/posts"}],"about":[{"href":"https:\/\/www.europesays.com\/ee\/wp-json\/wp\/v2\/types\/post"}],"author":[{"embeddable":true,"href":"https:\/\/www.europesays.com\/ee\/wp-json\/wp\/v2\/users\/2"}],"replies":[{"embeddable":true,"href":"https:\/\/www.europesays.com\/ee\/wp-json\/wp\/v2\/comments?post=263662"}],"version-history":[{"count":0,"href":"https:\/\/www.europesays.com\/ee\/wp-json\/wp\/v2\/posts\/263662\/revisions"}],"wp:featuredmedia":[{"embeddable":true,"href":"https:\/\/www.europesays.com\/ee\/wp-json\/wp\/v2\/media\/263663"}],"wp:attachment":[{"href":"https:\/\/www.europesays.com\/ee\/wp-json\/wp\/v2\/media?parent=263662"}],"wp:term":[{"taxonomy":"category","embeddable":true,"href":"https:\/\/www.europesays.com\/ee\/wp-json\/wp\/v2\/categories?post=263662"},{"taxonomy":"post_tag","embeddable":true,"href":"https:\/\/www.europesays.com\/ee\/wp-json\/wp\/v2\/tags?post=263662"}],"curies":[{"name":"wp","href":"https:\/\/api.w.org\/{rel}","templated":true}]}}