{"id":263688,"date":"2026-08-29T12:53:29","date_gmt":"2026-08-29T12:53:29","guid":{"rendered":"https:\/\/www.europesays.com\/ee\/263688\/"},"modified":"2026-08-29T12:53:29","modified_gmt":"2026-08-29T12:53:29","slug":"sojaraport-rainer-saks-erakordselt-hairiv-venelaste-jaoks-ukraina-droonid-tabasid-vene-strateegilist-pommitajat","status":"publish","type":"post","link":"https:\/\/www.europesays.com\/ee\/263688\/","title":{"rendered":"S\u00d5JARAPORT | Rainer Saks: erakordselt h\u00e4iriv venelaste jaoks \u2013 Ukraina droonid tabasid Vene strateegilist pommitajat"},"content":{"rendered":"<p>Ukraina president ei t\u00e4psustanud, missugust informatsiooni temaga jagati. M\u00e4letatavasti teatas Ukraina president m\u00f5ned n\u00e4dalad tagasi lakooniliselt, et koost\u00f6\u00f6s USA-ga on v\u00e4lja t\u00f6\u00f6tatud uued ettepanekud s\u00f5jategevuse peatamiseks, kuid ei avaldanud nende ettepankute kohta mitte mingisugust infot. USA presidendi eriesindajate lubatud visiit Kiievisse on k\u00fcll \u00e4ra j\u00e4\u00e4nud, aga sellel visiidil ei oleks lihtsalt niisama ka mitte mingisugust t\u00e4hendust.<\/p>\n<p>Seni, kuni Ukraina ja USA uutest ettepanekutest avalikult ei r\u00e4\u00e4gita, on mingisugune v\u00f5imalus, et kunagi edaspidi toimuvad ka t\u00f5sisemad k\u00f5nelused s\u00f5jategevuse l\u00f5petamiseks. <\/p>\n<p><a href=\"https:\/\/arvamus.delfi.ee\/artikkel\/120606947\/sojaraport-rainer-saks-erakordselt-hairiv-venelaste-jaoks-ukraina-droonid-tabasid-vene-strateegilist-pommitajat\/kommentaarid\" class=\"button button--primary button--size-auto article-body-bottom__comment article-body-bottom__comment--write\" style=\"\" rel=\"nofollow noopener\" target=\"_blank\">Kommenteeri<\/a><a href=\"https:\/\/arvamus.delfi.ee\/artikkel\/120606947\/sojaraport-rainer-saks-erakordselt-hairiv-venelaste-jaoks-ukraina-droonid-tabasid-vene-strateegilist-pommitajat\/kommentaarid\" class=\"button button--size-auto article-body-bottom__comment article-body-bottom__comment--read\" style=\"\" rel=\"nofollow noopener\" target=\"_blank\">Loe kommentaare (44)<\/a><\/p>\n","protected":false},"excerpt":{"rendered":"Ukraina president ei t\u00e4psustanud, missugust informatsiooni temaga jagati. M\u00e4letatavasti teatas Ukraina president m\u00f5ned n\u00e4dalad tagasi lakooniliselt, et koost\u00f6\u00f6s&hellip;\n","protected":false},"author":2,"featured_media":263689,"comment_status":"","ping_status":"","sticky":false,"template":"","format":"standard","meta":{"footnotes":"","_share_on_mastodon":"0"},"categories":[5],"tags":[26,27,37,33,35,34,36,31,32,21,28,29,19,25,107,2187,23,24,22,20,30],"class_list":["post-263688","post","type-post","status-publish","format-standard","has-post-thumbnail","category-uldised-uudised","tag-breaking-news","tag-breakingnews","tag-ee","tag-eesti","tag-eesti-keel","tag-estonia","tag-estonian","tag-featured-news","tag-featurednews","tag-headlines","tag-latest-news","tag-latestnews","tag-news","tag-populaarseimad-lood","tag-soda-ukrainas","tag-sojaraport","tag-top-stories","tag-topstories","tag-uldised-uudised","tag-uudised","tag-viimased-uudised"],"share_on_mastodon":{"url":"https:\/\/pubeurope.com\/@ee\/117178899265455867","error":""},"_links":{"self":[{"href":"https:\/\/www.europesays.com\/ee\/wp-json\/wp\/v2\/posts\/263688","targetHints":{"allow":["GET"]}}],"collection":[{"href":"https:\/\/www.europesays.com\/ee\/wp-json\/wp\/v2\/posts"}],"about":[{"href":"https:\/\/www.europesays.com\/ee\/wp-json\/wp\/v2\/types\/post"}],"author":[{"embeddable":true,"href":"https:\/\/www.europesays.com\/ee\/wp-json\/wp\/v2\/users\/2"}],"replies":[{"embeddable":true,"href":"https:\/\/www.europesays.com\/ee\/wp-json\/wp\/v2\/comments?post=263688"}],"version-history":[{"count":0,"href":"https:\/\/www.europesays.com\/ee\/wp-json\/wp\/v2\/posts\/263688\/revisions"}],"wp:featuredmedia":[{"embeddable":true,"href":"https:\/\/www.europesays.com\/ee\/wp-json\/wp\/v2\/media\/263689"}],"wp:attachment":[{"href":"https:\/\/www.europesays.com\/ee\/wp-json\/wp\/v2\/media?parent=263688"}],"wp:term":[{"taxonomy":"category","embeddable":true,"href":"https:\/\/www.europesays.com\/ee\/wp-json\/wp\/v2\/categories?post=263688"},{"taxonomy":"post_tag","embeddable":true,"href":"https:\/\/www.europesays.com\/ee\/wp-json\/wp\/v2\/tags?post=263688"}],"curies":[{"name":"wp","href":"https:\/\/api.w.org\/{rel}","templated":true}]}}