{"id":263694,"date":"2026-08-29T13:02:14","date_gmt":"2026-08-29T13:02:14","guid":{"rendered":"https:\/\/www.europesays.com\/ee\/263694\/"},"modified":"2026-08-29T13:02:14","modified_gmt":"2026-08-29T13:02:14","slug":"nigeri-pealinnas-rundasid-massulised-lennujaama-ja-presidendipaleed-valismaa","status":"publish","type":"post","link":"https:\/\/www.europesays.com\/ee\/263694\/","title":{"rendered":"Nigeri pealinnas r\u00fcndasid m\u00e4ssulised lennujaama ja presidendipaleed | V\u00e4lismaa"},"content":{"rendered":"<p>Nigeris oli laup\u00e4eva varastest tundidest kuulda m\u00e4ssuliste r\u00fcnnakuid, mille sihiks olid pealinnas Niameys asuvad lennujaam ja presidendipalee. Hiljem teatas riiki valitsev s\u00f5jav\u00e4ehunta, et on j\u00e4rk-j\u00e4rgult kontrolli taastamas.<\/p>\n<p>Nigerit on kolm aastat valitsenud s\u00f5jav\u00e4ehunta, millel on olnud raskusi ohjeldada ligi k\u00fcmme aastat kestnud d\u017eihadistlikku v\u00e4givalda.<\/p>\n<p>Laup\u00e4evase tulevahetuse tagamaad ei olnud kohe selged, kuid s\u00f5jav\u00e4gi teatas: &#8220;Praeguste s\u00fcndmuste valguses palume s\u00e4ilitada rahu ja v\u00e4ltida kontrollimata teabe jagamist.&#8221;<\/p>\n<p>&#8220;Meie kaitse- ja julgeolekuj\u00f5ud on kodumaa kaitseks mobiliseeritud,&#8221; seisis nende ametlikel sotsiaalmeedia lehek\u00fclgedel.<\/p>\n<p>\u00dcks kohalik elanik \u00fctles AFP-le, et Niamey 101. baasis kostis tugev tulevahetus ja plahvatused. Seda teadet kinnitasid ka mitmed teised tunnistajad.<\/p>\n<p>Esimesi laske oli kuulda \u00f6\u00f6sel kella \u00fche paiku kohaliku aja j\u00e4rgi ja need j\u00e4tkusid koiduni, selgub videost, mille avaldas lennujaama \u00fcmbrust filminud kohalik ajakirjanik.<\/p>\n<p>Teine kohalik elanik \u00fctles, et kuulis umbes kell 7 valanguid.<\/p>\n<p>&#8220;Ma l\u00e4ksin telefonile k\u00f5neaega ostma. N\u00e4gin baasi poole suunduvat s\u00f5jav\u00e4es\u00f5idukit, mis pidi tagasi p\u00f6\u00f6rama,&#8221; lisas ta.<\/p>\n<p>&#8220;Relvad, mida me kuuleme, ei ole sellised, mida mootorratastel terroristid kaasas kanda saaksid. V\u00f5itlus on kestnud eilsest \u00f5htust saati peatumatult.&#8221;<\/p>\n<p>Veel \u00fcks Niamey l\u00e4\u00e4neosa elanik \u00fctles, et kuulis umbes kell 5.00 hommikul juhuslikke laske k\u00e4situlirelvadest.<\/p>\n<p>Mitmed sotsiaalmeedia postitused teatasid samuti tulistamisest ja plahvatustest linnas, eriti halduspiirkonnas, kus asuvad presidendipalee ja riigitelevisioon.<\/p>\n<p>Internetis levinud videotes oli n\u00e4ha soomukeid, mis paigutati lennujaama juurde.<\/p>\n<p>Hiljem teatas aga Nigeri s\u00f5jav\u00e4ehunta, et on j\u00e4rk-j\u00e4rgult kontrolli taastamas.<\/p>\n<p>Riiklikus televisioonis ette loetud avalduses, millele oli alla kirjutanud kaitseminister kindral Salifou Mody, kutsusid v\u00f5imud avalikkust \u00fcles s\u00e4ilitama rahu ja tegelema vabalt oma igap\u00e4evaste toimetustega.<\/p>\n<p>D\u017eihadistid on Niamey lennujaama sel aastal sihikule v\u00f5tnud kahel korral: jaanuaris r\u00fcndas seda Islamiriik Sahelis (EIS) ning juuni l\u00f5pus Al-Qaeda Saheli haru islami ja moslemite toetusgrupp (JNIM).<\/p>\n<p>D\u017eihadistide r\u00fchmitused ei r\u00fcnda ainult tsiviilelanikke ja s\u00f5jav\u00e4elasi, vaid v\u00f5itlevad ka omavahel domineerimise p\u00e4rast Sahelis ning eriti Nigeris.<\/p>\n<p>Jaanuari r\u00fcnnakus hukkus kaksk\u00fcmmend r\u00fcndajat ja neli s\u00f5durit sai haavata, teatasid v\u00f5imud toona.<\/p>\n<p>2023. aasta juulis toimunud riigip\u00f6\u00f6rdest v\u00f5rsunud s\u00f5jav\u00e4elise re\u017eiimi juht kindral Abdourahamane Tiani \u00fctles toona, et r\u00fcnnaku eesm\u00e4rk oli h\u00e4vitada k\u00f5ik armee \u00f5huv\u00f5imed.<\/p>\n<p>Kaitseministeeriumi andmetel hukkus juunis v\u00e4hemalt 11 s\u00f5durit ja kaks tsiviilisikut ning 22 r\u00fcndajat. Armee l\u00f5i m\u00f5lemad r\u00fcnnakud tagasi.<\/p>\n<p>EIS ja JNIM on aktiivsed ka naaberriikides Burkina Fasos ja Malis, mis on Nigeri liitlased ning mida valitsevad riigip\u00f6\u00f6retega v\u00f5imule tulnud s\u00f5jav\u00e4ehuntad.<\/p>\n<p>K\u00f5ik kolm riiki lahkusid L\u00e4\u00e4ne-Aafrika riikide majandus\u00fchenduse blokist, p\u00f6\u00f6rasid v\u00f5itluses d\u017eihadistide vastu selja traditsioonilistele partneritele L\u00e4\u00e4nes, eriti Prantsusmaale, ning on otsinud tihedamaid sidemeid Venemaaga.<\/p>\n<p>Rahvusvahelise lennujaama kompleksis asuv 101. \u00f5huv\u00e4ebaas on koduks Niamey Venemaa Aafrika korpuse peakorterile ja Saheli riikide alliansi \u00fchendv\u00e4gede juhtimiskeskusele. Alliansi kuuluvad lisaks Nigerile ka Burkina Faso ja Mali.<\/p>\n","protected":false},"excerpt":{"rendered":"Nigeris oli laup\u00e4eva varastest tundidest kuulda m\u00e4ssuliste r\u00fcnnakuid, mille sihiks olid pealinnas Niameys asuvad lennujaam ja presidendipalee. Hiljem&hellip;\n","protected":false},"author":2,"featured_media":263695,"comment_status":"","ping_status":"","sticky":false,"template":"","format":"standard","meta":{"footnotes":"","_share_on_mastodon":"0"},"categories":[80],"tags":[1114,26,27,37,33,35,34,36,31,32,21,16500,28,29,95,19,13215,25,99,23,24,22,20,30,92,93,94],"class_list":["post-263694","post","type-post","status-publish","format-standard","has-post-thumbnail","category-maailm","tag-aafrika","tag-breaking-news","tag-breakingnews","tag-ee","tag-eesti","tag-eesti-keel","tag-estonia","tag-estonian","tag-featured-news","tag-featurednews","tag-headlines","tag-hunta","tag-latest-news","tag-latestnews","tag-maailm","tag-news","tag-niger","tag-populaarseimad-lood","tag-terrorism","tag-top-stories","tag-topstories","tag-uldised-uudised","tag-uudised","tag-viimased-uudised","tag-world","tag-world-news","tag-worldnews"],"share_on_mastodon":{"url":"https:\/\/pubeurope.com\/@ee\/117178934517375743","error":""},"_links":{"self":[{"href":"https:\/\/www.europesays.com\/ee\/wp-json\/wp\/v2\/posts\/263694","targetHints":{"allow":["GET"]}}],"collection":[{"href":"https:\/\/www.europesays.com\/ee\/wp-json\/wp\/v2\/posts"}],"about":[{"href":"https:\/\/www.europesays.com\/ee\/wp-json\/wp\/v2\/types\/post"}],"author":[{"embeddable":true,"href":"https:\/\/www.europesays.com\/ee\/wp-json\/wp\/v2\/users\/2"}],"replies":[{"embeddable":true,"href":"https:\/\/www.europesays.com\/ee\/wp-json\/wp\/v2\/comments?post=263694"}],"version-history":[{"count":0,"href":"https:\/\/www.europesays.com\/ee\/wp-json\/wp\/v2\/posts\/263694\/revisions"}],"wp:featuredmedia":[{"embeddable":true,"href":"https:\/\/www.europesays.com\/ee\/wp-json\/wp\/v2\/media\/263695"}],"wp:attachment":[{"href":"https:\/\/www.europesays.com\/ee\/wp-json\/wp\/v2\/media?parent=263694"}],"wp:term":[{"taxonomy":"category","embeddable":true,"href":"https:\/\/www.europesays.com\/ee\/wp-json\/wp\/v2\/categories?post=263694"},{"taxonomy":"post_tag","embeddable":true,"href":"https:\/\/www.europesays.com\/ee\/wp-json\/wp\/v2\/tags?post=263694"}],"curies":[{"name":"wp","href":"https:\/\/api.w.org\/{rel}","templated":true}]}}