{"id":263698,"date":"2026-08-29T13:10:15","date_gmt":"2026-08-29T13:10:15","guid":{"rendered":"https:\/\/www.europesays.com\/ee\/263698\/"},"modified":"2026-08-29T13:10:15","modified_gmt":"2026-08-29T13:10:15","slug":"pildid-hobusepea-galeriis-avati-andre-joosep-armingu-esimene-isikunaitus-kunst","status":"publish","type":"post","link":"https:\/\/www.europesays.com\/ee\/263698\/","title":{"rendered":"Pildid: Hobusepea galeriis avati Andre Joosep Armingu esimene isikun\u00e4itus | Kunst"},"content":{"rendered":"<p>27. augustil avati Hobusepea galeriis kunstnik Andre Joosep Armingu esimene isikun\u00e4itus &#8220;Ahelreaktsioon&#8221; pidulikult renessanssmotiividega maskiballiga. Avamisel toimuva lavastuse autoriks oli Linda Mai Kari. <\/p>\n<p>N\u00e4itus koondab kunstniku teoseid aastatest 2018\u20132025 ning esitleb ka kolme uut seeriat: &#8220;Don Quijote I&#8221;, &#8220;Eemaldumine ei eksisteeri&#8221; ja &#8220;Episteemiline s\u00fcda&#8221;. Armingu loomingulise k\u00e4ekirja keskmes on poeetiline autobiograafiline portree, mille kaudu ta avab oma keerulise meditsiinilise tausta ning sellest kasvanud elujaatava maailmatunnetuse. Tema teosed liiguvad isikliku ja universaalse piiril, p\u00f5imides m\u00e4lestusi, identiteeti, aega, armastust ja surelikkust.<\/p>\n<p>Inspiratsiooni ammutab Arming nii popkultuurist, kui ka visuaalsest argikeskkonnast. Tema t\u00f6\u00f6des avaldub maksimalism mitte \u00fcksnes esteetilise valikuna, vaid eluhoiaku ja vastupanuna lihtsustamisele. N\u00e4ituse jooksul \u00e4rkab ellu ka kunstniku alter ego &#8220;Mitte Surm&#8221;, mis avab surma teema l\u00e4bi m\u00e4ngulisuse, absurdi ja draama.<\/p>\n<p>Andre Joosep Arming on l\u00f5petanud Eesti Kunstiakadeemia fotograafia bakalaureuse\u00f5ppe ning kaasaegse kunsti magistri\u00f5ppe. Oma loomingus kasutab ta peamiselt polaroid- ja videomeediumi. Tema t\u00f6\u00f6dele on iseloomulik autobiograafilisus ning s\u00fcndimise, suremise ja aja kulgemise k\u00e4sitlemine. Arming kuulub Eesti Fotokunstnike \u00dchendusse ja Eesti Kunstnike Liitu ning on osalenud mitmetel \u00fchisn\u00e4itustel Eestis ja v\u00e4lismaal, sealhulgas Saksamaal ja Leedus.<\/p>\n<p>\u00a0&#8220;Ahelreaktsioon&#8221; j\u00e4\u00e4b Hobusepea galeriis publikule avatuks kuni 27. septembrini.<\/p>\n","protected":false},"excerpt":{"rendered":"27. augustil avati Hobusepea galeriis kunstnik Andre Joosep Armingu esimene isikun\u00e4itus &#8220;Ahelreaktsioon&#8221; pidulikult renessanssmotiividega maskiballiga. Avamisel toimuva lavastuse&hellip;\n","protected":false},"author":2,"featured_media":263699,"comment_status":"","ping_status":"","sticky":false,"template":"","format":"standard","meta":{"footnotes":"","_share_on_mastodon":"0"},"categories":[16],"tags":[56808,37,33,35,173,34,36,34642,190,140],"class_list":["post-263698","post","type-post","status-publish","format-standard","has-post-thumbnail","category-meelelahutus","tag-andre-joosep-arming","tag-ee","tag-eesti","tag-eesti-keel","tag-entertainment","tag-estonia","tag-estonian","tag-hobusepea-galerii","tag-kunst","tag-meelelahutus"],"share_on_mastodon":{"url":"https:\/\/pubeurope.com\/@ee\/117178966286296826","error":""},"_links":{"self":[{"href":"https:\/\/www.europesays.com\/ee\/wp-json\/wp\/v2\/posts\/263698","targetHints":{"allow":["GET"]}}],"collection":[{"href":"https:\/\/www.europesays.com\/ee\/wp-json\/wp\/v2\/posts"}],"about":[{"href":"https:\/\/www.europesays.com\/ee\/wp-json\/wp\/v2\/types\/post"}],"author":[{"embeddable":true,"href":"https:\/\/www.europesays.com\/ee\/wp-json\/wp\/v2\/users\/2"}],"replies":[{"embeddable":true,"href":"https:\/\/www.europesays.com\/ee\/wp-json\/wp\/v2\/comments?post=263698"}],"version-history":[{"count":0,"href":"https:\/\/www.europesays.com\/ee\/wp-json\/wp\/v2\/posts\/263698\/revisions"}],"wp:featuredmedia":[{"embeddable":true,"href":"https:\/\/www.europesays.com\/ee\/wp-json\/wp\/v2\/media\/263699"}],"wp:attachment":[{"href":"https:\/\/www.europesays.com\/ee\/wp-json\/wp\/v2\/media?parent=263698"}],"wp:term":[{"taxonomy":"category","embeddable":true,"href":"https:\/\/www.europesays.com\/ee\/wp-json\/wp\/v2\/categories?post=263698"},{"taxonomy":"post_tag","embeddable":true,"href":"https:\/\/www.europesays.com\/ee\/wp-json\/wp\/v2\/tags?post=263698"}],"curies":[{"name":"wp","href":"https:\/\/api.w.org\/{rel}","templated":true}]}}