{"id":263718,"date":"2026-08-29T13:33:11","date_gmt":"2026-08-29T13:33:11","guid":{"rendered":"https:\/\/www.europesays.com\/ee\/263718\/"},"modified":"2026-08-29T13:33:11","modified_gmt":"2026-08-29T13:33:11","slug":"kriisaga-kossu-manginud-usa-treener-delfile-kui-fbi-tal-minna-laskis-ei-saa-ta-suudi-olla","status":"publish","type":"post","link":"https:\/\/www.europesays.com\/ee\/263718\/","title":{"rendered":"Kriisaga kossu m\u00e4nginud USA treener Delfile: kui FBI tal minna laskis, ei saa ta s\u00fc\u00fcdi olla"},"content":{"rendered":"<p>25. augustil ilmusid sotsiaalmeediasse postitused, kus internetikelmuses kahtlustatav Kriisa USA-s Kentucky osariigis asuvas Lexingtonis korvpalli m\u00e4ngis. Delfi v\u00f5ttis postituse teinud korvpallitreeneri Elijah Burnsiga \u00fchendust, kes s\u00f5nas, et Kriisa on \u00e4\u00e4rmiselt h\u00e4\u00e4lekas ja naljakas kutt.<\/p>\n<p>\u201eT\u00f6\u00f6tasin pallik\u00e4sitlemise kallal, kui m\u00e4rkasin teisel pool v\u00e4ljakut seljakotti. Vaatasin seej\u00e4rel \u00fcles ja seal oli Kerr Kriisa,\u201c selgitas Burns Delfile. \u201eTa k\u00fcsis, kas tahan tema ja veel paari inimesega m\u00e4ngida. Ta oli v\u00e4ga hea ja viskas suure surve all palju korve. M\u00e4ngisime ligi kolm tundi. See oli minu esimene kord temaga suhelda.\u201c<\/p>\n<p><a href=\"https:\/\/sport.delfi.ee\/a\/120606955\/kriisaga-kossu-manginud-usa-treener-delfile-ma-ei-usu-et-ta-on-suudi-kui-fbi-tal-minna-laskis\/kommentaarid\" class=\"button button--primary button--size-auto article-body-bottom__comment article-body-bottom__comment--write\" style=\"\" rel=\"nofollow noopener\" target=\"_blank\">Kommenteeri<\/a><a href=\"https:\/\/sport.delfi.ee\/a\/120606955\/kriisaga-kossu-manginud-usa-treener-delfile-ma-ei-usu-et-ta-on-suudi-kui-fbi-tal-minna-laskis\/kommentaarid\" class=\"button button--size-auto article-body-bottom__comment article-body-bottom__comment--read\" style=\"\" rel=\"nofollow noopener\" target=\"_blank\">Loe kommentaare (5)<\/a><\/p>\n","protected":false},"excerpt":{"rendered":"25. augustil ilmusid sotsiaalmeediasse postitused, kus internetikelmuses kahtlustatav Kriisa USA-s Kentucky osariigis asuvas Lexingtonis korvpalli m\u00e4ngis. Delfi v\u00f5ttis&hellip;\n","protected":false},"author":2,"featured_media":263719,"comment_status":"","ping_status":"","sticky":false,"template":"","format":"standard","meta":{"footnotes":"","_share_on_mastodon":"0"},"categories":[18],"tags":[662,37,33,35,34,36,98823,12924,19110,159,158,2379],"class_list":["post-263718","post","type-post","status-publish","format-standard","has-post-thumbnail","category-sport","tag-delfi","tag-ee","tag-eesti","tag-eesti-keel","tag-estonia","tag-estonian","tag-kentucky-ulikool","tag-kerr-kriisa","tag-paul-keres","tag-sport","tag-sports","tag-tartu-ulikool-maks-moorits"],"share_on_mastodon":{"url":"https:\/\/pubeurope.com\/@ee\/117179056518304638","error":""},"_links":{"self":[{"href":"https:\/\/www.europesays.com\/ee\/wp-json\/wp\/v2\/posts\/263718","targetHints":{"allow":["GET"]}}],"collection":[{"href":"https:\/\/www.europesays.com\/ee\/wp-json\/wp\/v2\/posts"}],"about":[{"href":"https:\/\/www.europesays.com\/ee\/wp-json\/wp\/v2\/types\/post"}],"author":[{"embeddable":true,"href":"https:\/\/www.europesays.com\/ee\/wp-json\/wp\/v2\/users\/2"}],"replies":[{"embeddable":true,"href":"https:\/\/www.europesays.com\/ee\/wp-json\/wp\/v2\/comments?post=263718"}],"version-history":[{"count":0,"href":"https:\/\/www.europesays.com\/ee\/wp-json\/wp\/v2\/posts\/263718\/revisions"}],"wp:featuredmedia":[{"embeddable":true,"href":"https:\/\/www.europesays.com\/ee\/wp-json\/wp\/v2\/media\/263719"}],"wp:attachment":[{"href":"https:\/\/www.europesays.com\/ee\/wp-json\/wp\/v2\/media?parent=263718"}],"wp:term":[{"taxonomy":"category","embeddable":true,"href":"https:\/\/www.europesays.com\/ee\/wp-json\/wp\/v2\/categories?post=263718"},{"taxonomy":"post_tag","embeddable":true,"href":"https:\/\/www.europesays.com\/ee\/wp-json\/wp\/v2\/tags?post=263718"}],"curies":[{"name":"wp","href":"https:\/\/api.w.org\/{rel}","templated":true}]}}