{"id":263748,"date":"2026-08-29T14:29:12","date_gmt":"2026-08-29T14:29:12","guid":{"rendered":"https:\/\/www.europesays.com\/ee\/263748\/"},"modified":"2026-08-29T14:29:12","modified_gmt":"2026-08-29T14:29:12","slug":"karu-kaevas-end-soome-vene-piiritokke-alt-labi","status":"publish","type":"post","link":"https:\/\/www.europesays.com\/ee\/263748\/","title":{"rendered":"Karu kaevas end Soome-Vene piirit\u00f5kke alt l\u00e4bi"},"content":{"rendered":"<p class=\"isSelectedEnd\">Kagu-Soome piirivalve kinnitas laup\u00e4eval Ylele, et karu kaevas end idapiirile rajatud t\u00f5kke alt l\u00e4bi.<\/p>\n<p class=\"isSelectedEnd\">\u201eKaru on kaevanud end t\u00f5kke alt l\u00e4bi ning sellistes olukordades v\u00f5etakse vajalikud meetmed alati viivitamata tarvitusele,\u201c teatas piirivalve.<\/p>\n<p class=\"isSelectedEnd\">Piirivalve ei avaldanud, millises idapiiri l\u00f5igus juhtum aset leidis. Samuti ei t\u00e4psustatud, millal see juhtus ega kuidas karu tekitatud l\u00e4bip\u00e4\u00e4s avastati.<\/p>\n<p class=\"isSelectedEnd\">Soome idapiirile rajatava t\u00f5kkeaia eesm\u00e4rk on takistada ebaseaduslikku piiri\u00fcletust. Uue takistusega peavad aga kohanema ka metsloomad, kes on selles piirkonnas harjunud vabalt liikuma.<\/p>\n<p class=\"isSelectedEnd\">Soome rajab Venemaa piirile kokku umbes 200 kilomeetrit t\u00f5kkeaeda. Lapimaal ja Kainuus on aed juba valmis ning seda kasutatakse piirivalves. P\u00f5hja-Karjalas ja Kagu-Soomes on ehitust\u00f6\u00f6d l\u00f5pusirgel.<\/p>\n<p class=\"isSelectedEnd\">T\u00f5kkeaia rajamine l\u00e4heb maksma umbes 360 miljonit eurot. Selle eesm\u00e4rk on muu hulgas t\u00f5kestada Venemaa m\u00f5jutustegevust ja r\u00e4nde kasutamist survevahendina.<\/p>\n<p>Aed on varustatud moodsa seiretehnoloogia ja kaameratega, mis suudavad muu hulgas eristada inimesi loomadest. Lisaks aiale valvatakse Soome piiri patrullide, tehnilise seire ja \u00f5huseire abil.<\/p>\n<p>Kuidas see lugu Sind end tundma pani?Saada<a href=\"https:\/\/www.delfi.ee\/artikkel\/120606970\/karu-kaevas-end-soome-vene-piiritokke-alt-labi\/kommentaarid\" class=\"button button--primary button--size-auto article-body-bottom__comment article-body-bottom__comment--write\" style=\"\" rel=\"nofollow noopener\" target=\"_blank\">Kommenteeri<\/a><a href=\"https:\/\/www.delfi.ee\/artikkel\/120606970\/karu-kaevas-end-soome-vene-piiritokke-alt-labi\/kommentaarid\" class=\"button button--size-auto article-body-bottom__comment article-body-bottom__comment--read\" style=\"\" rel=\"nofollow noopener\" target=\"_blank\">Loe kommentaare (52)<\/a><\/p>\n","protected":false},"excerpt":{"rendered":"Kagu-Soome piirivalve kinnitas laup\u00e4eval Ylele, et karu kaevas end idapiirile rajatud t\u00f5kke alt l\u00e4bi. \u201eKaru on kaevanud end&hellip;\n","protected":false},"author":2,"featured_media":263749,"comment_status":"","ping_status":"","sticky":false,"template":"","format":"standard","meta":{"footnotes":"","_share_on_mastodon":"0"},"categories":[14],"tags":[131,130,37,33,35,34,36,5772,113],"class_list":["post-263748","post","type-post","status-publish","format-standard","has-post-thumbnail","category-ari","tag-ari","tag-business","tag-ee","tag-eesti","tag-eesti-keel","tag-estonia","tag-estonian","tag-karu","tag-soome"],"share_on_mastodon":{"url":"https:\/\/pubeurope.com\/@ee\/117179276754663655","error":""},"_links":{"self":[{"href":"https:\/\/www.europesays.com\/ee\/wp-json\/wp\/v2\/posts\/263748","targetHints":{"allow":["GET"]}}],"collection":[{"href":"https:\/\/www.europesays.com\/ee\/wp-json\/wp\/v2\/posts"}],"about":[{"href":"https:\/\/www.europesays.com\/ee\/wp-json\/wp\/v2\/types\/post"}],"author":[{"embeddable":true,"href":"https:\/\/www.europesays.com\/ee\/wp-json\/wp\/v2\/users\/2"}],"replies":[{"embeddable":true,"href":"https:\/\/www.europesays.com\/ee\/wp-json\/wp\/v2\/comments?post=263748"}],"version-history":[{"count":0,"href":"https:\/\/www.europesays.com\/ee\/wp-json\/wp\/v2\/posts\/263748\/revisions"}],"wp:featuredmedia":[{"embeddable":true,"href":"https:\/\/www.europesays.com\/ee\/wp-json\/wp\/v2\/media\/263749"}],"wp:attachment":[{"href":"https:\/\/www.europesays.com\/ee\/wp-json\/wp\/v2\/media?parent=263748"}],"wp:term":[{"taxonomy":"category","embeddable":true,"href":"https:\/\/www.europesays.com\/ee\/wp-json\/wp\/v2\/categories?post=263748"},{"taxonomy":"post_tag","embeddable":true,"href":"https:\/\/www.europesays.com\/ee\/wp-json\/wp\/v2\/tags?post=263748"}],"curies":[{"name":"wp","href":"https:\/\/api.w.org\/{rel}","templated":true}]}}