{"id":263762,"date":"2026-08-29T14:54:10","date_gmt":"2026-08-29T14:54:10","guid":{"rendered":"https:\/\/www.europesays.com\/ee\/263762\/"},"modified":"2026-08-29T14:54:10","modified_gmt":"2026-08-29T14:54:10","slug":"analuus-isamaa-saaks-29-keskerakond-22-kohta-suvi-karistas-parteide-reitinguvahe-suuremaks","status":"publish","type":"post","link":"https:\/\/www.europesays.com\/ee\/263762\/","title":{"rendered":"ANAL\u00dc\u00dcS | Isamaa saaks 29, Keskerakond 22 kohta. Suvi k\u00e4ristas parteide reitinguvahe suuremaks"},"content":{"rendered":"<p>P\u00e4rast maid, kui viimati parteide koondtoetust arvutasime, on lisanud reitingutegijate k\u00f5rvale ka sihtasutus Liberaalne Kodanik (SALK) poolt valmistatud MRP-mudel. Kui kevadel hakkas Isamaa ja Keskerakonna vahel liidripositsiooni p\u00e4rast tihedamaks rebimiseks minema, siis n\u00fc\u00fcd on Isamaa edu taas selgem.<\/p>\n<p>Kui anda k\u00f5igile neljale toetusuuringule v\u00f5rdne kaal, oleks Isamaa tulemuseks 29 mandaati riigikogus Keskerakonna 22 vastu. Sotsid saaks 16, EKRE ja Reformierakond kumbki 13 ning Parempoolsed 8 mandaati. Kuigi praegu ei paista, et m\u00f5ni seitsmes partei v\u00f5iks valimisk\u00fcnnise \u00fcletada, tasub hoida silm peal Ida-Virumaal, kus Mihhail Stalnuhhinil v\u00f5iks olla lootus \u00fcksikkandidaadina parlamenti p\u00e4\u00e4seda.<\/p>\n<p><a href=\"https:\/\/www.delfi.ee\/artikkel\/120606834\/analuus-isamaa-saaks-29-keskerakond-22-kohta-suvi-karistas-parteide-reitinguvahe-suuremaks\/kommentaarid\" class=\"button button--primary button--size-auto article-body-bottom__comment article-body-bottom__comment--write\" style=\"\" rel=\"nofollow noopener\" target=\"_blank\">Kommenteeri<\/a><a href=\"https:\/\/www.delfi.ee\/artikkel\/120606834\/analuus-isamaa-saaks-29-keskerakond-22-kohta-suvi-karistas-parteide-reitinguvahe-suuremaks\/kommentaarid\" class=\"button button--size-auto article-body-bottom__comment article-body-bottom__comment--read\" style=\"\" rel=\"nofollow noopener\" target=\"_blank\">Loe kommentaare (48)<\/a><\/p>\n","protected":false},"excerpt":{"rendered":"P\u00e4rast maid, kui viimati parteide koondtoetust arvutasime, on lisanud reitingutegijate k\u00f5rvale ka sihtasutus Liberaalne Kodanik (SALK) poolt valmistatud&hellip;\n","protected":false},"author":2,"featured_media":263763,"comment_status":"","ping_status":"","sticky":false,"template":"","format":"standard","meta":{"footnotes":"","_share_on_mastodon":"0"},"categories":[12],"tags":[26,27,37,33,35,34,36,31,32,21,731,819,28,29,19,25,14730,23,24,22,644,20,30],"class_list":["post-263762","post","type-post","status-publish","format-standard","has-post-thumbnail","category-eesti","tag-breaking-news","tag-breakingnews","tag-ee","tag-eesti","tag-eesti-keel","tag-estonia","tag-estonian","tag-featured-news","tag-featurednews","tag-headlines","tag-isamaa","tag-keskerakond","tag-latest-news","tag-latestnews","tag-news","tag-populaarseimad-lood","tag-riigikogu-valimised-2027","tag-top-stories","tag-topstories","tag-uldised-uudised","tag-urmas-reinsalu","tag-uudised","tag-viimased-uudised"],"share_on_mastodon":{"url":"https:\/\/pubeurope.com\/@ee\/117179375043041881","error":""},"_links":{"self":[{"href":"https:\/\/www.europesays.com\/ee\/wp-json\/wp\/v2\/posts\/263762","targetHints":{"allow":["GET"]}}],"collection":[{"href":"https:\/\/www.europesays.com\/ee\/wp-json\/wp\/v2\/posts"}],"about":[{"href":"https:\/\/www.europesays.com\/ee\/wp-json\/wp\/v2\/types\/post"}],"author":[{"embeddable":true,"href":"https:\/\/www.europesays.com\/ee\/wp-json\/wp\/v2\/users\/2"}],"replies":[{"embeddable":true,"href":"https:\/\/www.europesays.com\/ee\/wp-json\/wp\/v2\/comments?post=263762"}],"version-history":[{"count":0,"href":"https:\/\/www.europesays.com\/ee\/wp-json\/wp\/v2\/posts\/263762\/revisions"}],"wp:featuredmedia":[{"embeddable":true,"href":"https:\/\/www.europesays.com\/ee\/wp-json\/wp\/v2\/media\/263763"}],"wp:attachment":[{"href":"https:\/\/www.europesays.com\/ee\/wp-json\/wp\/v2\/media?parent=263762"}],"wp:term":[{"taxonomy":"category","embeddable":true,"href":"https:\/\/www.europesays.com\/ee\/wp-json\/wp\/v2\/categories?post=263762"},{"taxonomy":"post_tag","embeddable":true,"href":"https:\/\/www.europesays.com\/ee\/wp-json\/wp\/v2\/tags?post=263762"}],"curies":[{"name":"wp","href":"https:\/\/api.w.org\/{rel}","templated":true}]}}