{"id":26377,"date":"2025-10-24T04:55:07","date_gmt":"2025-10-24T04:55:07","guid":{"rendered":"https:\/\/www.europesays.com\/ee\/26377\/"},"modified":"2025-10-24T04:55:07","modified_gmt":"2025-10-24T04:55:07","slug":"spiooniskandaali-massitud-ungari-volinik-teeb-euroopa-komisjoni-jalgealuse-tuliseks","status":"publish","type":"post","link":"https:\/\/www.europesays.com\/ee\/26377\/","title":{"rendered":"Spiooniskandaali m\u00e4ssitud Ungari volinik teeb Euroopa Komisjoni jalgealuse tuliseks"},"content":{"rendered":"<p>Mitme europarlamendi fraktsiooni saadikud seadsid k\u00fcsimuse alla selle, et Euroopa Komisjoni president Ursula von der Leyen laseb V\u00e1rhelyl tavap\u00e4raselt t\u00f6\u00f6d j\u00e4tkata ajal, mil kestab siseuurimine v\u00e4idetavalt Ungari ELi alalise esinduse kaudu toimunud spioneerimise kohta l\u00e4inud k\u00fcmnendil, kui praegune volinik oli suursaadikuna selle juht.<\/p>\n<p>\u00abViktor Orb\u00e1n on otsustanud m\u00e4ngida Moskva Trooja hobust Euroopa Liidus. Ja n\u00fc\u00fcd tundub ka, et tema v\u00e4idetav taktika Euroopa institutsioonide \u00f5\u00f5nestamiseks on Kremlist imporditud,\u00bb v\u00e4ljendas muret Ungari peaministri tegevuse asjus Euroopa Parlamendi suurima j\u00f5u Euroopa Rahvapartei (EPP) hispaanlasest saadik Adri\u00e1n V\u00e1zquez L\u00e1zara, kes seej\u00e4rel asus komisjoni hurjutama. \u00abMind \u00fcllatab see, et te ei ole teinud minimaalset, milleks on paluda h\u00e4rra V\u00e1rhely igasuguse tegevuse peatamist, kuni me teame, mil m\u00e4\u00e4ral ta selles osales. See on v\u00e4him, mida komisjon peaks l\u00e4hip\u00e4evil tegema.\u00bb<\/p>\n","protected":false},"excerpt":{"rendered":"Mitme europarlamendi fraktsiooni saadikud seadsid k\u00fcsimuse alla selle, et Euroopa Komisjoni president Ursula von der Leyen laseb V\u00e1rhelyl&hellip;\n","protected":false},"author":2,"featured_media":26378,"comment_status":"","ping_status":"","sticky":false,"template":"","format":"standard","meta":{"footnotes":""},"categories":[80],"tags":[26,27,37,33,35,34,36,2337,590,1948,31,32,21,28,29,95,19,14315,14314,25,23,24,22,118,20,30,3796,92,93,94],"class_list":{"0":"post-26377","1":"post","2":"type-post","3":"status-publish","4":"format-standard","5":"has-post-thumbnail","7":"category-maailm","8":"tag-breaking-news","9":"tag-breakingnews","10":"tag-ee","11":"tag-eesti","12":"tag-eesti-keel","13":"tag-estonia","14":"tag-estonian","15":"tag-euroopa-komisjon","16":"tag-euroopa-liit","17":"tag-euroopa-parlament","18":"tag-featured-news","19":"tag-featurednews","20":"tag-headlines","21":"tag-latest-news","22":"tag-latestnews","23":"tag-maailm","24":"tag-news","25":"tag-oliver-varhely","26":"tag-peter-magyar","27":"tag-populaarseimad-lood","28":"tag-top-stories","29":"tag-topstories","30":"tag-uldised-uudised","31":"tag-ungari","32":"tag-uudised","33":"tag-viimased-uudised","34":"tag-viktor-orban","35":"tag-world","36":"tag-world-news","37":"tag-worldnews"},"share_on_mastodon":{"url":"https:\/\/pubeurope.com\/@ee\/115427365557646796","error":""},"_links":{"self":[{"href":"https:\/\/www.europesays.com\/ee\/wp-json\/wp\/v2\/posts\/26377","targetHints":{"allow":["GET"]}}],"collection":[{"href":"https:\/\/www.europesays.com\/ee\/wp-json\/wp\/v2\/posts"}],"about":[{"href":"https:\/\/www.europesays.com\/ee\/wp-json\/wp\/v2\/types\/post"}],"author":[{"embeddable":true,"href":"https:\/\/www.europesays.com\/ee\/wp-json\/wp\/v2\/users\/2"}],"replies":[{"embeddable":true,"href":"https:\/\/www.europesays.com\/ee\/wp-json\/wp\/v2\/comments?post=26377"}],"version-history":[{"count":0,"href":"https:\/\/www.europesays.com\/ee\/wp-json\/wp\/v2\/posts\/26377\/revisions"}],"wp:featuredmedia":[{"embeddable":true,"href":"https:\/\/www.europesays.com\/ee\/wp-json\/wp\/v2\/media\/26378"}],"wp:attachment":[{"href":"https:\/\/www.europesays.com\/ee\/wp-json\/wp\/v2\/media?parent=26377"}],"wp:term":[{"taxonomy":"category","embeddable":true,"href":"https:\/\/www.europesays.com\/ee\/wp-json\/wp\/v2\/categories?post=26377"},{"taxonomy":"post_tag","embeddable":true,"href":"https:\/\/www.europesays.com\/ee\/wp-json\/wp\/v2\/tags?post=26377"}],"curies":[{"name":"wp","href":"https:\/\/api.w.org\/{rel}","templated":true}]}}