{"id":263774,"date":"2026-08-29T15:16:09","date_gmt":"2026-08-29T15:16:09","guid":{"rendered":"https:\/\/www.europesays.com\/ee\/263774\/"},"modified":"2026-08-29T15:16:09","modified_gmt":"2026-08-29T15:16:09","slug":"galerii-%e2%9f%a9-siinne-sustaslaalomi-koorekiht-jagas-sindi-karestikul-eesti-meistrivoistluste-medaleid","status":"publish","type":"post","link":"https:\/\/www.europesays.com\/ee\/263774\/","title":{"rendered":"GALERII \u27e9 Siinne s\u00fcstaslaalomi koorekiht jagas Sindi k\u00e4restikul Eesti meistriv\u00f5istluste medaleid"},"content":{"rendered":"<p>Nii Eesti meistriv\u00f5istluseks \u00fcles seatud raja kui ka Tori slaalomi distantsi l\u00e4bisid k\u00f5ige kiiremini Pirita s\u00fcstaklubi esindaja Martin Peiker s\u00fcstal ja naistest Marie Peiker kanuul, kellele pakkus konkurentsi Sindi aerutamisklubi liige Liisi Miil.<\/p>\n<p>Kokku osales ligemale 20 sportlast, kelle seas oli Eesti selle spordiala paremik ning konkurentsi pakkus ka l\u00f5unanaabrite esindaja.<\/p>\n","protected":false},"excerpt":{"rendered":"Nii Eesti meistriv\u00f5istluseks \u00fcles seatud raja kui ka Tori slaalomi distantsi l\u00e4bisid k\u00f5ige kiiremini Pirita s\u00fcstaklubi esindaja Martin&hellip;\n","protected":false},"author":2,"featured_media":263775,"comment_status":"","ping_status":"","sticky":false,"template":"","format":"standard","meta":{"footnotes":"","_share_on_mastodon":"0"},"categories":[12],"tags":[26,27,37,33,35,8766,34,36,31,32,21,102234,28,29,102239,102238,102237,19,97783,25,102242,102235,102233,102241,23,24,102236,102240,22,20,30],"class_list":["post-263774","post","type-post","status-publish","format-standard","has-post-thumbnail","category-eesti","tag-breaking-news","tag-breakingnews","tag-ee","tag-eesti","tag-eesti-keel","tag-eesti-meistrivoistlused","tag-estonia","tag-estonian","tag-featured-news","tag-featurednews","tag-headlines","tag-karestikuslaalom","tag-latest-news","tag-latestnews","tag-liisi-miil","tag-marie-peiker","tag-martin-peiker","tag-news","tag-nordic-cup","tag-populaarseimad-lood","tag-siim-peetris","tag-sindi-karestik","tag-sustaslaalom","tag-tarmo-peiker","tag-top-stories","tag-topstories","tag-tori-slaalom","tag-uku-apsalon","tag-uldised-uudised","tag-uudised","tag-viimased-uudised"],"share_on_mastodon":{"url":"","error":"Validation failed: Text character limit of 500 exceeded"},"_links":{"self":[{"href":"https:\/\/www.europesays.com\/ee\/wp-json\/wp\/v2\/posts\/263774","targetHints":{"allow":["GET"]}}],"collection":[{"href":"https:\/\/www.europesays.com\/ee\/wp-json\/wp\/v2\/posts"}],"about":[{"href":"https:\/\/www.europesays.com\/ee\/wp-json\/wp\/v2\/types\/post"}],"author":[{"embeddable":true,"href":"https:\/\/www.europesays.com\/ee\/wp-json\/wp\/v2\/users\/2"}],"replies":[{"embeddable":true,"href":"https:\/\/www.europesays.com\/ee\/wp-json\/wp\/v2\/comments?post=263774"}],"version-history":[{"count":0,"href":"https:\/\/www.europesays.com\/ee\/wp-json\/wp\/v2\/posts\/263774\/revisions"}],"wp:featuredmedia":[{"embeddable":true,"href":"https:\/\/www.europesays.com\/ee\/wp-json\/wp\/v2\/media\/263775"}],"wp:attachment":[{"href":"https:\/\/www.europesays.com\/ee\/wp-json\/wp\/v2\/media?parent=263774"}],"wp:term":[{"taxonomy":"category","embeddable":true,"href":"https:\/\/www.europesays.com\/ee\/wp-json\/wp\/v2\/categories?post=263774"},{"taxonomy":"post_tag","embeddable":true,"href":"https:\/\/www.europesays.com\/ee\/wp-json\/wp\/v2\/tags?post=263774"}],"curies":[{"name":"wp","href":"https:\/\/api.w.org\/{rel}","templated":true}]}}