{"id":263776,"date":"2026-08-29T15:23:17","date_gmt":"2026-08-29T15:23:17","guid":{"rendered":"https:\/\/www.europesays.com\/ee\/263776\/"},"modified":"2026-08-29T15:23:17","modified_gmt":"2026-08-29T15:23:17","slug":"jargmise-suvel-esineb-eestis-britipopi-lipupaev-take-that-postimees","status":"publish","type":"post","link":"https:\/\/www.europesays.com\/ee\/263776\/","title":{"rendered":"J\u00e4rgmise suvel esineb Eestis britipopi lipupaev Take That &#8211; Postimees"},"content":{"rendered":"<ol>\n<li><a href=\"https:\/\/news.google.com\/rss\/articles\/CBMimgFBVV95cUxPTWEyN1FURXRneHZXZ0FWZE5FamZ3YXpkRS1GTE1SQzkwWUhpYVlBY0c2QnhvOHExb2gyMEhtbnJmV3pNRHpScExFM1JGYjB4YU5UQ1dUdlhxMDFJVG15RHgtSnhkcG9uelNHc1RvNkE1UHdwd1dxWVlsS2dETUxOUDQ5UlNlZmFIMjdoNnQyVlhCY0FxdkRPM29n?oc=5\" target=\"_blank\" rel=\"nofollow noopener\">J\u00e4rgmise suvel esineb Eestis britipopi lipupaev Take That<\/a>&nbsp;&nbsp;Postimees<\/li>\n<li><a href=\"https:\/\/news.google.com\/rss\/articles\/CBMifkFVX3lxTE5EY0hoM1BadFAzOTAwbHpZNmtLMTFYQ2ZxcXBYSFBrWk9aRkw4aGwwS0VnUzMzazNVc0pxRjdKYVlJYlk3V3gyZU9TNnRmVEZVYnBia3F1bU9WS2tlalIzcm9lQ1dvem5nUzJja1VhT196Z0dETWowQnczem5kUQ?oc=5\" target=\"_blank\" rel=\"nofollow noopener\">Take That esineb j\u00e4rgmisel suvel Eestis<\/a>&nbsp;&nbsp;ERR<\/li>\n<li><a href=\"https:\/\/news.google.com\/rss\/articles\/CBMiZEFVX3lxTE5HSDMxcGpLQWpBZXl2MUpHVFNWU2ZLWm8xSUw3UTA4ZGdGb3kxVGotemFRMFVERkdGSHN0RF9wM1d0bEpFbURnVy1wclEwR1JfQUVCN01tQmQxdHJBQlhIbGUtOWg?oc=5\" target=\"_blank\" rel=\"nofollow noopener\">TAKE THAT<\/a>&nbsp;&nbsp;Piletilevi<\/li>\n<li><a href=\"https:\/\/news.google.com\/rss\/articles\/CBMipAFBVV95cUxPdC1HSEhha1l3a1RiNFc3OHgzOUpXZF90WTBTXzFhczBtRUFaVTlnYlQ1NWhCOWFvZ0NCWnBabE5Qck05eXgtLTd0YXh0ekgzXzlOUTdRN2RFV203UzVDMnEyMWZfZ2ptMHB3QllSd1VkT1pJei00NG0wOWV2VEh1M1dwaDdpMzJ4dEdRMzgycnN6d1dEYWFheUxLUGlyRTlxZGg3eg?oc=5\" target=\"_blank\" rel=\"nofollow noopener\">L\u00d5PUKS EESTIS! J\u00e4rgmise suve esimene suurkontsert on avalikustatud<\/a>&nbsp;&nbsp;\u00d5htuleht<\/li>\n<li><a href=\"https:\/\/news.google.com\/rss\/articles\/CBMimgFBVV95cUxNcGZOOXByeUw1WHVNd2QzdUh2TFNVZ1A5MW1MWllsbVlsQlJyTjM0NUxHeDM3Q1Q0RFh6QzR0TzViN3RFTEpyaHNCbmdSQi1vRGpIbXhLemxIS1FfbnJjWmlGVFF5cE94WTFhMDA1VndEbU4xQXRvem1pYVhwbHBEQmhmQUt2elBLdXg0V3EzZDVPQkhNdjVIV29B?oc=5\" target=\"_blank\" rel=\"nofollow noopener\">J\u00e4rgmise suvel esineb Eestis britipopi lipulaev Take That<\/a>&nbsp;&nbsp;Postimees<\/li>\n<\/ol>\n","protected":false},"excerpt":{"rendered":"J\u00e4rgmise suvel esineb Eestis britipopi lipupaev Take That&nbsp;&nbsp;Postimees Take That esineb j\u00e4rgmisel suvel Eestis&nbsp;&nbsp;ERR TAKE THAT&nbsp;&nbsp;Piletilevi L\u00d5PUKS EESTIS!&hellip;\n","protected":false},"author":2,"featured_media":263777,"comment_status":"","ping_status":"","sticky":false,"template":"","format":"standard","meta":{"footnotes":"","_share_on_mastodon":"0"},"categories":[16],"tags":[101922,37,33,35,173,34,36,101920,101919,101921,6495,101918,140,101924,2211,45086,249,49741,101923],"class_list":["post-263776","post","type-post","status-publish","format-standard","has-post-thumbnail","category-meelelahutus","tag-beautiful-world","tag-ee","tag-eesti","tag-eesti-keel","tag-entertainment","tag-estonia","tag-estonian","tag-gary-barlow","tag-howard-donald","tag-jason-orange","tag-manchester","tag-mark-owen","tag-meelelahutus","tag-progress","tag-robbie-williams","tag-take-that","tag-tartu","tag-tartu-lauluvaljak","tag-the-circus"],"share_on_mastodon":{"url":"https:\/\/pubeurope.com\/@ee\/117179489088547826","error":""},"_links":{"self":[{"href":"https:\/\/www.europesays.com\/ee\/wp-json\/wp\/v2\/posts\/263776","targetHints":{"allow":["GET"]}}],"collection":[{"href":"https:\/\/www.europesays.com\/ee\/wp-json\/wp\/v2\/posts"}],"about":[{"href":"https:\/\/www.europesays.com\/ee\/wp-json\/wp\/v2\/types\/post"}],"author":[{"embeddable":true,"href":"https:\/\/www.europesays.com\/ee\/wp-json\/wp\/v2\/users\/2"}],"replies":[{"embeddable":true,"href":"https:\/\/www.europesays.com\/ee\/wp-json\/wp\/v2\/comments?post=263776"}],"version-history":[{"count":0,"href":"https:\/\/www.europesays.com\/ee\/wp-json\/wp\/v2\/posts\/263776\/revisions"}],"wp:featuredmedia":[{"embeddable":true,"href":"https:\/\/www.europesays.com\/ee\/wp-json\/wp\/v2\/media\/263777"}],"wp:attachment":[{"href":"https:\/\/www.europesays.com\/ee\/wp-json\/wp\/v2\/media?parent=263776"}],"wp:term":[{"taxonomy":"category","embeddable":true,"href":"https:\/\/www.europesays.com\/ee\/wp-json\/wp\/v2\/categories?post=263776"},{"taxonomy":"post_tag","embeddable":true,"href":"https:\/\/www.europesays.com\/ee\/wp-json\/wp\/v2\/tags?post=263776"}],"curies":[{"name":"wp","href":"https:\/\/api.w.org\/{rel}","templated":true}]}}