{"id":263778,"date":"2026-08-29T15:24:08","date_gmt":"2026-08-29T15:24:08","guid":{"rendered":"https:\/\/www.europesays.com\/ee\/263778\/"},"modified":"2026-08-29T15:24:08","modified_gmt":"2026-08-29T15:24:08","slug":"vennad-marquezed-roomustasid-kodupublikut-kaksikvoiduga-motosport","status":"publish","type":"post","link":"https:\/\/www.europesays.com\/ee\/263778\/","title":{"rendered":"Vennad Marquezed r\u00f5\u00f5mustasid kodupublikut kaksikv\u00f5iduga | Motosport"},"content":{"rendered":"<p>Mootorrataste ringrajasarja MotoGP hooaja 13. etapil Hispaanias Alcanizi ringrajal v\u00f5tsid Marc Marquez (Ducati) ja Alex Marquez (Ducati) kodupubliku r\u00f5\u00f5muks sprindis\u00f5idus kaksikv\u00f5idu.<\/p>\n<p>Laup\u00e4evane v\u00f5istlusp\u00e4ev algas Aragoni ringrajal kvalifikatsiooniga, mille v\u00f5itis sarja kokkuv\u00f5ttes teist kohta hoidev Marco Bezzecchi (Aprilia).<\/p>\n<p>Itaallane kihutas kahel korral v\u00e4lja aja alla 1.45 ning p\u00fcstitas 1.44,962-ga uue rajarekordi.\u00a0Teiseks tuli seitsmekordne maailmameister ja tiitlikaitsja Marc Marquez (+0,089) ning kolmanda koha sai tema noorem vend Alex (+0,299).<\/p>\n<p>P\u00e4rastl\u00f5unal toimunud sprindis\u00f5idus Bezzecchi start eba\u00f5nnestus. Vennad Marquezed said temast kohe esimeses kurvis m\u00f6\u00f6da ning itaallasel ei tekkinud 11 ringi jooksul erilist v\u00f5imalust vastul\u00f6\u00f6ki anda.<\/p>\n<p>Marc Marquez \u00fcletas fini\u0161ijoone esimesena (19.37,995). Noorem vend Alex kaotas talle 1,140 ja Bezzecchi 2,089 sekundiga. Sarja \u00fcldliider Jorge Martin (Aprilia) l\u00f5petas viiendana (+6,237), tema ja esikolmiku vahele mahtus Pedro Acosta (KTM; +2,648).\u00a0<\/p>\n<p>Vanem Marquez t\u00f5usis t\u00e4nu sprindis\u00f5idu v\u00f5idule sarja \u00fcldarvestuses kolmandale kohale, olles n\u00fc\u00fcd Martinist (245 punkti) ja Bezzecchist vastavalt 33 ja nelja punkti kaugusel.<\/p>\n<p>P\u00f5his\u00f5it saab alguse p\u00fchap\u00e4eval kell 15.00.<\/p>\n<blockquote class=\"twitter-tweet\">\n<p lang=\"en\" dir=\"ltr\"><a href=\"https:\/\/x.com\/marcmarquez93?ref_src=twsrc%5Etfw\" rel=\"nofollow\">@marcmarquez93<\/a> takes another <a href=\"https:\/\/x.com\/hashtag\/TissotSprint?src=hash&amp;ref_src=twsrc%5Etfw\" rel=\"nofollow\">#TissotSprint<\/a> victory at MotorLand ahead of <a href=\"https:\/\/x.com\/alexmarquez73?ref_src=twsrc%5Etfw\" rel=\"nofollow\">@alexmarquez73<\/a> and Marco Bezzecchi <a href=\"https:\/\/x.com\/hashtag\/AragonGP?src=hash&amp;ref_src=twsrc%5Etfw\" rel=\"nofollow\">#AragonGP<\/a> <a href=\"https:\/\/t.co\/9yx8JkJXGC\" rel=\"nofollow\">pic.twitter.com\/9yx8JkJXGC<\/a><\/p>\n<p>\u2014 MotoGP\u2122 (@MotoGP) <a href=\"https:\/\/x.com\/MotoGP\/status\/2093696093024362655?ref_src=twsrc%5Etfw\" rel=\"nofollow\">August 29, 2026<\/a><\/p><\/blockquote>\n<p><script async src=\"https:\/\/platform.twitter.com\/widgets.js\" charset=\"utf-8\"><\/script><\/p>\n","protected":false},"excerpt":{"rendered":"Mootorrataste ringrajasarja MotoGP hooaja 13. etapil Hispaanias Alcanizi ringrajal v\u00f5tsid Marc Marquez (Ducati) ja Alex Marquez (Ducati) kodupubliku&hellip;\n","protected":false},"author":2,"featured_media":263779,"comment_status":"","ping_status":"","sticky":false,"template":"","format":"standard","meta":{"footnotes":"","_share_on_mastodon":"0"},"categories":[18],"tags":[76395,37,33,35,34,36,4881,5248,12721,4880,159,158],"class_list":["post-263778","post","type-post","status-publish","format-standard","has-post-thumbnail","category-sport","tag-alex-marquez","tag-ee","tag-eesti","tag-eesti-keel","tag-estonia","tag-estonian","tag-jorge-martin","tag-marc-marquez","tag-marco-bezzecchi","tag-motogp","tag-sport","tag-sports"],"share_on_mastodon":{"url":"https:\/\/pubeurope.com\/@ee\/117179493010501564","error":""},"_links":{"self":[{"href":"https:\/\/www.europesays.com\/ee\/wp-json\/wp\/v2\/posts\/263778","targetHints":{"allow":["GET"]}}],"collection":[{"href":"https:\/\/www.europesays.com\/ee\/wp-json\/wp\/v2\/posts"}],"about":[{"href":"https:\/\/www.europesays.com\/ee\/wp-json\/wp\/v2\/types\/post"}],"author":[{"embeddable":true,"href":"https:\/\/www.europesays.com\/ee\/wp-json\/wp\/v2\/users\/2"}],"replies":[{"embeddable":true,"href":"https:\/\/www.europesays.com\/ee\/wp-json\/wp\/v2\/comments?post=263778"}],"version-history":[{"count":0,"href":"https:\/\/www.europesays.com\/ee\/wp-json\/wp\/v2\/posts\/263778\/revisions"}],"wp:featuredmedia":[{"embeddable":true,"href":"https:\/\/www.europesays.com\/ee\/wp-json\/wp\/v2\/media\/263779"}],"wp:attachment":[{"href":"https:\/\/www.europesays.com\/ee\/wp-json\/wp\/v2\/media?parent=263778"}],"wp:term":[{"taxonomy":"category","embeddable":true,"href":"https:\/\/www.europesays.com\/ee\/wp-json\/wp\/v2\/categories?post=263778"},{"taxonomy":"post_tag","embeddable":true,"href":"https:\/\/www.europesays.com\/ee\/wp-json\/wp\/v2\/tags?post=263778"}],"curies":[{"name":"wp","href":"https:\/\/api.w.org\/{rel}","templated":true}]}}